{"id":990,"date":"2022-02-18T17:08:14","date_gmt":"2022-02-18T17:08:14","guid":{"rendered":"http:\/\/pro-walderhalt.de\/?p=990"},"modified":"2022-02-20T01:40:36","modified_gmt":"2022-02-20T01:40:36","slug":"weitere-waldverwuestung-links-und-recht-der-bahnlinie-in-trautheim","status":"publish","type":"post","link":"https:\/\/pro-walderhalt.de\/?p=990","title":{"rendered":"Weitere Waldverw\u00fcstung links und rechts der Bahnlinie in Trautheim"},"content":{"rendered":"<p><img loading=\"lazy\" decoding=\"async\" class=\"alignnone size-medium wp-image-996\" src=\"http:\/\/pro-walderhalt.de\/wp-content\/uploads\/2022\/02\/WhatsApp-Image-2022-02-19-at-10.02.54-225x300.jpeg\" alt=\"\" width=\"225\" height=\"300\" srcset=\"https:\/\/pro-walderhalt.de\/wp-content\/uploads\/2022\/02\/WhatsApp-Image-2022-02-19-at-10.02.54-225x300.jpeg 225w, https:\/\/pro-walderhalt.de\/wp-content\/uploads\/2022\/02\/WhatsApp-Image-2022-02-19-at-10.02.54-768x1024.jpeg 768w, https:\/\/pro-walderhalt.de\/wp-content\/uploads\/2022\/02\/WhatsApp-Image-2022-02-19-at-10.02.54-1152x1536.jpeg 1152w, https:\/\/pro-walderhalt.de\/wp-content\/uploads\/2022\/02\/WhatsApp-Image-2022-02-19-at-10.02.54.jpeg 1536w\" sizes=\"auto, (max-width: 225px) 100vw, 225px\" \/> <img loading=\"lazy\" decoding=\"async\" class=\"alignnone size-medium wp-image-998\" src=\"http:\/\/pro-walderhalt.de\/wp-content\/uploads\/2022\/02\/WhatsApp-Image-2022-02-19-at-10.05.45-225x300.jpeg\" alt=\"\" width=\"225\" height=\"300\" srcset=\"https:\/\/pro-walderhalt.de\/wp-content\/uploads\/2022\/02\/WhatsApp-Image-2022-02-19-at-10.05.45-225x300.jpeg 225w, https:\/\/pro-walderhalt.de\/wp-content\/uploads\/2022\/02\/WhatsApp-Image-2022-02-19-at-10.05.45-768x1024.jpeg 768w, https:\/\/pro-walderhalt.de\/wp-content\/uploads\/2022\/02\/WhatsApp-Image-2022-02-19-at-10.05.45-1152x1536.jpeg 1152w, https:\/\/pro-walderhalt.de\/wp-content\/uploads\/2022\/02\/WhatsApp-Image-2022-02-19-at-10.05.45.jpeg 1536w\" sizes=\"auto, (max-width: 225px) 100vw, 225px\" \/> <img loading=\"lazy\" decoding=\"async\" class=\"alignnone size-medium wp-image-999\" src=\"http:\/\/pro-walderhalt.de\/wp-content\/uploads\/2022\/02\/WhatsApp-Image-2022-02-19-at-10.05.47-1-300x225.jpeg\" alt=\"\" width=\"300\" height=\"225\" srcset=\"https:\/\/pro-walderhalt.de\/wp-content\/uploads\/2022\/02\/WhatsApp-Image-2022-02-19-at-10.05.47-1-300x225.jpeg 300w, https:\/\/pro-walderhalt.de\/wp-content\/uploads\/2022\/02\/WhatsApp-Image-2022-02-19-at-10.05.47-1-1024x768.jpeg 1024w, https:\/\/pro-walderhalt.de\/wp-content\/uploads\/2022\/02\/WhatsApp-Image-2022-02-19-at-10.05.47-1-768x576.jpeg 768w, https:\/\/pro-walderhalt.de\/wp-content\/uploads\/2022\/02\/WhatsApp-Image-2022-02-19-at-10.05.47-1-1536x1152.jpeg 1536w, https:\/\/pro-walderhalt.de\/wp-content\/uploads\/2022\/02\/WhatsApp-Image-2022-02-19-at-10.05.47-1.jpeg 2048w\" sizes=\"auto, (max-width: 300px) 100vw, 300px\" \/> <img loading=\"lazy\" decoding=\"async\" class=\"alignnone size-medium wp-image-1000\" src=\"http:\/\/pro-walderhalt.de\/wp-content\/uploads\/2022\/02\/WhatsApp-Image-2022-02-19-at-10.05.47-2-300x225.jpeg\" alt=\"\" width=\"300\" height=\"225\" srcset=\"https:\/\/pro-walderhalt.de\/wp-content\/uploads\/2022\/02\/WhatsApp-Image-2022-02-19-at-10.05.47-2-300x225.jpeg 300w, https:\/\/pro-walderhalt.de\/wp-content\/uploads\/2022\/02\/WhatsApp-Image-2022-02-19-at-10.05.47-2-1024x768.jpeg 1024w, https:\/\/pro-walderhalt.de\/wp-content\/uploads\/2022\/02\/WhatsApp-Image-2022-02-19-at-10.05.47-2-768x576.jpeg 768w, https:\/\/pro-walderhalt.de\/wp-content\/uploads\/2022\/02\/WhatsApp-Image-2022-02-19-at-10.05.47-2-1536x1152.jpeg 1536w, https:\/\/pro-walderhalt.de\/wp-content\/uploads\/2022\/02\/WhatsApp-Image-2022-02-19-at-10.05.47-2.jpeg 2048w\" sizes=\"auto, (max-width: 300px) 100vw, 300px\" \/><\/p>\n<p>Die Machtdemonstration von Hessen Forst nimmt immer heftiger absurde Formen an.<\/p>\n<p>Hessen Forst gegen B\u00fcrger! Wie lange sollen wir B\u00fcrger uns das noch bieten lassen?<\/p>\n<p>Unsere meist frequentierten Naherholungsgebiete werden uns von HF genommen und bieten den Anblick eines Schlachtfeldes. Proteste der B\u00fcrger interessieren nicht. Weshalb nicht?<\/p>\n<p>Wir haben laut unserer noch g\u00fcltigen Forsteinrichtung in M\u00fchltal einen Anspruch auf Naherholung in unserem Kommunalwald, insofern hat auch die M\u00fchltaler Politik versagt, da HF nie einer Kontrolle unterzogen wurde und wird, und es die Politik vers\u00e4umt hat genaue Vorgaben f\u00fcr eine intakte Naherholung (Mindestanforderungen) und sonstige Forderungen in der Waldbewirtschaftung zu formulieren. \u00a0Wald\u00e4sthetik sollte dabei an unseren Hauptwegen auch eine Rolle spielen, plus Raum schaffen f\u00fcr die Artenvielfalt. Mit schwerem Ger\u00e4t in den Wald zu fahren, wenn es gerade geregnet hat, ist eine R\u00fccksichtslosigkeit den B\u00fcrgern gegen\u00fcber und hinterl\u00e4sst maximale Sch\u00e4den im Wald, wie \u00a0z.B. bleibende Bodenverdichtung, Sch\u00e4digung der Wasserkapillaren von B\u00e4umen, viele R\u00fcckesch\u00e4den, etc..<\/p>\n<p>Wenn der Wald, nachdem HF gew\u00fctet hat, wie ein Truppen\u00fcbungsplatz hinterlassen wird, so ist das f\u00fcr den B\u00fcrger kein zur Naherholung geeigneter Wald mehr. Solche Vergehen von HF h\u00e4tten eine Abmahnung f\u00fcr den k\u00fcndbaren Bewirtschafter Hessen Forst nach sich ziehen m\u00fcssen und letztendlich eine K\u00fcndigung des Bewirtschafters, denn bei HF ist nicht zu erkennen dass sie sich nach den W\u00fcnschen der Kommune richten m\u00f6chten, deshalb k\u00fcndigten Nachbarkommunen HF, wie z.B. Heppenheim, Pfungstadt, Gross-Gerau, etc..<\/p>\n<p>Derzeit ist auch die Deutsche Bahn mitbeteiligt an dem Zustand neben der Bahnlinie, sh. Fotos.<\/p>\n<p>Die alten Buchen, die da standen, die diesen Weg im Sommer wunderbar beschatteten, wurden gef\u00e4llt. Alles wurde dort kurz und klein ges\u00e4gt<\/p>\n<p>HF und die Bahn glauben, wenn sie nur das Totschlagsargument \u201eVerkehrssicherung\u201c den B\u00fcrgern entgegen schleudern, wir w\u00e4ren so dumm und w\u00fcrden Ihnen das noch abnehmen. HF hat den Bonus, angeblich f\u00fcr uns B\u00fcrger zu arbeiten, damit uns kein Ast auf den Kopf f\u00e4llt, vollkommen verspielt und ist nicht w\u00fcrdig und u. E. nicht f\u00e4hig unsere W\u00e4lder zu bewirtschaften und schon gar nicht in die Zukunft zu retten.<\/p>\n<p>Karin M\u00fchlenbock<\/p>\n","protected":false},"excerpt":{"rendered":"<p>Die Machtdemonstration von Hessen Forst nimmt immer heftiger absurde Formen an. Hessen Forst gegen B\u00fcrger! Wie lange sollen wir B\u00fcrger uns das noch bieten lassen? Unsere meist frequentierten Naherholungsgebiete werden uns von HF genommen und bieten den Anblick eines Schlachtfeldes. Proteste der B\u00fcrger interessieren nicht. Weshalb nicht? Wir haben laut unserer noch g\u00fcltigen Forsteinrichtung in &hellip; <\/p>\n<p class=\"link-more\"><a href=\"https:\/\/pro-walderhalt.de\/?p=990\" class=\"more-link\"><span class=\"screen-reader-text\">\u201eWeitere Waldverw\u00fcstung links und rechts der Bahnlinie in Trautheim\u201c <\/span>weiterlesen<\/a><\/p>\n","protected":false},"author":3,"featured_media":0,"comment_status":"closed","ping_status":"closed","sticky":false,"template":"","format":"standard","meta":{"footnotes":""},"categories":[1],"tags":[],"class_list":["post-990","post","type-post","status-publish","format-standard","hentry","category-uncategorized"],"_links":{"self":[{"href":"https:\/\/pro-walderhalt.de\/index.php?rest_route=\/wp\/v2\/posts\/990","targetHints":{"allow":["GET"]}}],"collection":[{"href":"https:\/\/pro-walderhalt.de\/index.php?rest_route=\/wp\/v2\/posts"}],"about":[{"href":"https:\/\/pro-walderhalt.de\/index.php?rest_route=\/wp\/v2\/types\/post"}],"author":[{"embeddable":true,"href":"https:\/\/pro-walderhalt.de\/index.php?rest_route=\/wp\/v2\/users\/3"}],"replies":[{"embeddable":true,"href":"https:\/\/pro-walderhalt.de\/index.php?rest_route=%2Fwp%2Fv2%2Fcomments&post=990"}],"version-history":[{"count":4,"href":"https:\/\/pro-walderhalt.de\/index.php?rest_route=\/wp\/v2\/posts\/990\/revisions"}],"predecessor-version":[{"id":1011,"href":"https:\/\/pro-walderhalt.de\/index.php?rest_route=\/wp\/v2\/posts\/990\/revisions\/1011"}],"wp:attachment":[{"href":"https:\/\/pro-walderhalt.de\/index.php?rest_route=%2Fwp%2Fv2%2Fmedia&parent=990"}],"wp:term":[{"taxonomy":"category","embeddable":true,"href":"https:\/\/pro-walderhalt.de\/index.php?rest_route=%2Fwp%2Fv2%2Fcategories&post=990"},{"taxonomy":"post_tag","embeddable":true,"href":"https:\/\/pro-walderhalt.de\/index.php?rest_route=%2Fwp%2Fv2%2Ftags&post=990"}],"curies":[{"name":"wp","href":"https:\/\/api.w.org\/{rel}","templated":true}]}}