{"id":988,"date":"2022-02-18T16:59:27","date_gmt":"2022-02-18T16:59:27","guid":{"rendered":"http:\/\/pro-walderhalt.de\/?p=988"},"modified":"2022-02-20T20:23:36","modified_gmt":"2022-02-20T20:23:36","slug":"hessen-forst-und-hessen-mobil-sind-untragbar-fuer-die-meisten-buerger-und-unsere-klimaziele","status":"publish","type":"post","link":"https:\/\/pro-walderhalt.de\/?p=988","title":{"rendered":"Hessen Forst und Hessen Mobil untragbar f\u00fcr die meisten B\u00fcrger und unsere Klimaziele"},"content":{"rendered":"<p><strong>Der Betrieb Hessen Forst ist untragbar f\u00fcr die meisten B\u00fcrger und f\u00fcr unsere Klimaziele!<\/strong><\/p>\n<p><strong>Der Betrieb Hessen Mobil ist untragbar f\u00fcr die meisten B\u00fcrger und unsere Klimaziele!<\/strong><\/p>\n<p>Was ist nur los mit sog. Gr\u00fcnen Ministern wie Priska Hinz und Tarek Al Vazir?<\/p>\n<p><strong>Die Gr\u00fcnen t\u00e4ten gut daran sich von Beiden schleunigst zu trennen<\/strong>.<\/p>\n<p>Seit Jan. 2014 hat Frau Hinz, Ministerin f\u00fcr Umwelt, Energie, Jugend, Familie und Gesundheit, \u00a0zu verantworten was Hessen Forst in unseren W\u00e4ldern an Verw\u00fcstung betreibt, ganz abgesehen von der Betriebsverl\u00e4ngerung f\u00fcr K+S (Kali und Salz), das das Grundwasser f\u00fcr Generationen und auf unabsehbare Zeitr\u00e4ume ungenie\u00dfbar macht, etc..<\/p>\n<p>Wie sollen wir B\u00fcrger uns ihre Handlungsweise erkl\u00e4ren? Entweder steht Priska Hinz auf der Gehaltsliste der Holzlobbyisten, oder sie wei\u00df nicht was sie tut? Seit Hinz das Ministeramt inne hat, wird es mit den Kahlschl\u00e4gen, Rodungen, Waldverw\u00fcstungen immer schlimmer.<\/p>\n<p>Sollte es noch, was man ger\u00fcchteweise so h\u00f6rt, in ihrem Ministerium zu viel Personal geben welches nicht ihrer Linie folgen m\u00f6chte, so ist das ebenfalls ein Versagen, denn in 8 Jahren Ministerinnent\u00e4tigkeit h\u00e4tte sie Zeit gehabt entsprechende Mitarbeiter um sich zu scharen.<\/p>\n<p>Wenn wir unsere B\u00fcrgerw\u00e4lder, das was davon noch \u00fcbrig ist, retten wollen, \u00a0kommen wir zu dem Schluss:<\/p>\n<p><strong>Frau Hinz ist in ihrem Amt untragbar! Wir Waldsch\u00fctzer und Klimaaktivisten fordern ihren umgehenden R\u00fccktritt!<\/strong><\/p>\n<p>Herr Al Vazir, Hessischer Wirtschaftsminister f\u00fcr Wirtschaft, Energie, Verkehr und Wohnen seit Jan. 2014 Minister hat sein Ministerium nach unseren langj\u00e4hrigen Beobachtungen ebenfalls nicht im Griff. So gibt es von ihm Erlasse, die keinen Ausf\u00fchrenden interessieren. Das ihm unterstellte Hessen Mobil z. B. r\u00e4umt das stra\u00dfenbegleitende Gr\u00fcn ab ohne R\u00fccksicht auf Verluste und ohne in irgendeinem Zusammenhang mit Verkehrssicherung. Teil der Entlohnung der vielen Subunternehmer von Hessen mobil ist das Schnittgut. Bei diesem System der Entlohnung ist T\u00fcr und Tor ge\u00f6ffnet mehr als n\u00f6tig abzuschneiden.<\/p>\n<p>Herr Al Vazir ist u. E. zu sehr damit besch\u00e4ftigt sich bei Herrn Bouffier peinlicherweise anzubiedern.<\/p>\n<p>Al Vazir begr\u00fcndete die Rodung im Dannenr\u00f6der Forst\/ A49,\u00a0 mit der eingegangenen Koalitionsverpflichtung. Es gibt allerdings noch einige andere Verpflichtungen, die nicht umgesetzt wurden.<\/p>\n<p><strong>Herr Tarek Al Vazir ist in seinem Amt untragbar! Wir Waldsch\u00fctzer und Klimaaktivisten fordern seinen umgehenden R\u00fccktritt! <\/strong><\/p>\n<p><strong>\u00a0<\/strong><strong>BI pro Walderhalt<\/strong><\/p>\n<p><strong><a href=\"http:\/\/www.pro-walderhalt.de\/\">www.pro-walderhalt.de<\/a><\/strong><\/p>\n<p><strong><a href=\"http:\/\/www.bundesbuergerinitiative-waldschutz.de\/\">www.bundesbuergerinitiative-waldschutz.de<\/a><\/strong><\/p>\n","protected":false},"excerpt":{"rendered":"<p>Der Betrieb Hessen Forst ist untragbar f\u00fcr die meisten B\u00fcrger und f\u00fcr unsere Klimaziele! Der Betrieb Hessen Mobil ist untragbar f\u00fcr die meisten B\u00fcrger und unsere Klimaziele! Was ist nur los mit sog. Gr\u00fcnen Ministern wie Priska Hinz und Tarek Al Vazir? Die Gr\u00fcnen t\u00e4ten gut daran sich von Beiden schleunigst zu trennen. Seit Jan. &hellip; <\/p>\n<p class=\"link-more\"><a href=\"https:\/\/pro-walderhalt.de\/?p=988\" class=\"more-link\"><span class=\"screen-reader-text\">\u201eHessen Forst und Hessen Mobil untragbar f\u00fcr die meisten B\u00fcrger und unsere Klimaziele\u201c <\/span>weiterlesen<\/a><\/p>\n","protected":false},"author":3,"featured_media":0,"comment_status":"closed","ping_status":"closed","sticky":false,"template":"","format":"standard","meta":{"footnotes":""},"categories":[1],"tags":[],"class_list":["post-988","post","type-post","status-publish","format-standard","hentry","category-uncategorized"],"_links":{"self":[{"href":"https:\/\/pro-walderhalt.de\/index.php?rest_route=\/wp\/v2\/posts\/988","targetHints":{"allow":["GET"]}}],"collection":[{"href":"https:\/\/pro-walderhalt.de\/index.php?rest_route=\/wp\/v2\/posts"}],"about":[{"href":"https:\/\/pro-walderhalt.de\/index.php?rest_route=\/wp\/v2\/types\/post"}],"author":[{"embeddable":true,"href":"https:\/\/pro-walderhalt.de\/index.php?rest_route=\/wp\/v2\/users\/3"}],"replies":[{"embeddable":true,"href":"https:\/\/pro-walderhalt.de\/index.php?rest_route=%2Fwp%2Fv2%2Fcomments&post=988"}],"version-history":[{"count":3,"href":"https:\/\/pro-walderhalt.de\/index.php?rest_route=\/wp\/v2\/posts\/988\/revisions"}],"predecessor-version":[{"id":1029,"href":"https:\/\/pro-walderhalt.de\/index.php?rest_route=\/wp\/v2\/posts\/988\/revisions\/1029"}],"wp:attachment":[{"href":"https:\/\/pro-walderhalt.de\/index.php?rest_route=%2Fwp%2Fv2%2Fmedia&parent=988"}],"wp:term":[{"taxonomy":"category","embeddable":true,"href":"https:\/\/pro-walderhalt.de\/index.php?rest_route=%2Fwp%2Fv2%2Fcategories&post=988"},{"taxonomy":"post_tag","embeddable":true,"href":"https:\/\/pro-walderhalt.de\/index.php?rest_route=%2Fwp%2Fv2%2Ftags&post=988"}],"curies":[{"name":"wp","href":"https:\/\/api.w.org\/{rel}","templated":true}]}}