{"id":965,"date":"2022-02-17T18:09:26","date_gmt":"2022-02-17T18:09:26","guid":{"rendered":"http:\/\/pro-walderhalt.de\/?p=965"},"modified":"2022-02-20T01:43:17","modified_gmt":"2022-02-20T01:43:17","slug":"schreiben-an-den-bund-der-steuerzahler-hessen-bezueglich-der-vergangenen-massnahmen-zur-verkehrssicherung-durch-hessen-mobil-an-der-b-426-zwischen-eberstadt-und-muehltal","status":"publish","type":"post","link":"https:\/\/pro-walderhalt.de\/?p=965","title":{"rendered":"Ein Schreiben an den Bund der Steuerzahler Hessen bez\u00fcglich der vergangenen &#8222;Verkehrssicherung&#8220; durch Hessen Mobil an der B 426 zwischen Eberstadt und M\u00fchltal"},"content":{"rendered":"<p><img loading=\"lazy\" decoding=\"async\" class=\"alignnone size-medium wp-image-966\" src=\"http:\/\/pro-walderhalt.de\/wp-content\/uploads\/2022\/02\/IMG_20220217_121221_2-300x225.jpeg\" alt=\"\" width=\"300\" height=\"225\" srcset=\"https:\/\/pro-walderhalt.de\/wp-content\/uploads\/2022\/02\/IMG_20220217_121221_2-300x225.jpeg 300w, https:\/\/pro-walderhalt.de\/wp-content\/uploads\/2022\/02\/IMG_20220217_121221_2-1024x768.jpeg 1024w, https:\/\/pro-walderhalt.de\/wp-content\/uploads\/2022\/02\/IMG_20220217_121221_2-768x576.jpeg 768w, https:\/\/pro-walderhalt.de\/wp-content\/uploads\/2022\/02\/IMG_20220217_121221_2-1536x1152.jpeg 1536w, https:\/\/pro-walderhalt.de\/wp-content\/uploads\/2022\/02\/IMG_20220217_121221_2.jpeg 1983w\" sizes=\"auto, (max-width: 300px) 100vw, 300px\" \/><img loading=\"lazy\" decoding=\"async\" class=\"alignnone size-medium wp-image-967\" src=\"http:\/\/pro-walderhalt.de\/wp-content\/uploads\/2022\/02\/20220215_165157672_iOS-225x300.jpeg\" alt=\"\" width=\"225\" height=\"300\" srcset=\"https:\/\/pro-walderhalt.de\/wp-content\/uploads\/2022\/02\/20220215_165157672_iOS-225x300.jpeg 225w, https:\/\/pro-walderhalt.de\/wp-content\/uploads\/2022\/02\/20220215_165157672_iOS-768x1024.jpeg 768w, https:\/\/pro-walderhalt.de\/wp-content\/uploads\/2022\/02\/20220215_165157672_iOS-1152x1536.jpeg 1152w, https:\/\/pro-walderhalt.de\/wp-content\/uploads\/2022\/02\/20220215_165157672_iOS-1536x2048.jpeg 1536w, https:\/\/pro-walderhalt.de\/wp-content\/uploads\/2022\/02\/20220215_165157672_iOS-scaled.jpeg 1920w\" sizes=\"auto, (max-width: 225px) 100vw, 225px\" \/> <img loading=\"lazy\" decoding=\"async\" class=\"alignnone size-medium wp-image-968\" src=\"http:\/\/pro-walderhalt.de\/wp-content\/uploads\/2022\/02\/20220215_165231030_iOS-300x225.jpeg\" alt=\"\" width=\"300\" height=\"225\" srcset=\"https:\/\/pro-walderhalt.de\/wp-content\/uploads\/2022\/02\/20220215_165231030_iOS-300x225.jpeg 300w, https:\/\/pro-walderhalt.de\/wp-content\/uploads\/2022\/02\/20220215_165231030_iOS-1024x768.jpeg 1024w, https:\/\/pro-walderhalt.de\/wp-content\/uploads\/2022\/02\/20220215_165231030_iOS-768x576.jpeg 768w, https:\/\/pro-walderhalt.de\/wp-content\/uploads\/2022\/02\/20220215_165231030_iOS-1536x1152.jpeg 1536w, https:\/\/pro-walderhalt.de\/wp-content\/uploads\/2022\/02\/20220215_165231030_iOS-2048x1536.jpeg 2048w\" sizes=\"auto, (max-width: 300px) 100vw, 300px\" \/> <img loading=\"lazy\" decoding=\"async\" class=\"alignnone size-medium wp-image-969\" src=\"http:\/\/pro-walderhalt.de\/wp-content\/uploads\/2022\/02\/20220215_170058394_iOS-225x300.jpeg\" alt=\"\" width=\"225\" height=\"300\" srcset=\"https:\/\/pro-walderhalt.de\/wp-content\/uploads\/2022\/02\/20220215_170058394_iOS-225x300.jpeg 225w, https:\/\/pro-walderhalt.de\/wp-content\/uploads\/2022\/02\/20220215_170058394_iOS-768x1024.jpeg 768w, https:\/\/pro-walderhalt.de\/wp-content\/uploads\/2022\/02\/20220215_170058394_iOS-1152x1536.jpeg 1152w, https:\/\/pro-walderhalt.de\/wp-content\/uploads\/2022\/02\/20220215_170058394_iOS-1536x2048.jpeg 1536w, https:\/\/pro-walderhalt.de\/wp-content\/uploads\/2022\/02\/20220215_170058394_iOS-scaled.jpeg 1920w\" sizes=\"auto, (max-width: 225px) 100vw, 225px\" \/> <img loading=\"lazy\" decoding=\"async\" class=\"alignnone size-medium wp-image-970\" src=\"http:\/\/pro-walderhalt.de\/wp-content\/uploads\/2022\/02\/20220215_170717369_iOS-225x300.jpeg\" alt=\"\" width=\"225\" height=\"300\" srcset=\"https:\/\/pro-walderhalt.de\/wp-content\/uploads\/2022\/02\/20220215_170717369_iOS-225x300.jpeg 225w, https:\/\/pro-walderhalt.de\/wp-content\/uploads\/2022\/02\/20220215_170717369_iOS-768x1024.jpeg 768w, https:\/\/pro-walderhalt.de\/wp-content\/uploads\/2022\/02\/20220215_170717369_iOS-1152x1536.jpeg 1152w, https:\/\/pro-walderhalt.de\/wp-content\/uploads\/2022\/02\/20220215_170717369_iOS-1536x2048.jpeg 1536w, https:\/\/pro-walderhalt.de\/wp-content\/uploads\/2022\/02\/20220215_170717369_iOS-scaled.jpeg 1920w\" sizes=\"auto, (max-width: 225px) 100vw, 225px\" \/><\/p>\n<p>Sehr geehrte Damen und Herren,<\/p>\n<p>seit Jahren, Tendenz immer \u00e4rger, beobachten wir die Praxis von Hessen Mobil und deren Subunternehmer, stra\u00dfenbegleitendes Gr\u00fcn zur\u00fcckzuschneiden. Das gleiche Problem beobachten wir bei der Deutschen Bahn.<\/p>\n<p>Angef\u00fcgte Fotos zeigen, dass es sich um bewusste Anpflanzungen bei Neugestaltung der Stra\u00dfe handelt, d.h. der Steuerzahler hat es einst bezahlt und jetzt wird es in einer Radikalit\u00e4t weggehauen, die mit Verkehrssicherung nichts mehr zu tun hat. Von Jahr zu Jahr wird mehr weggenommen. Da es sich um junge vitale B\u00e4ume handelt geht von den B\u00e4umen keine Gefahr f\u00fcr Verkehrsteilnehmer aus.<\/p>\n<p>Wir wissen, dass es sich h\u00e4ufig um Subunternehmer f\u00fcr die Bahn oder f\u00fcr Hessen Mobil handelt. Teil der Entlohnung ist das Material das sie behalten d\u00fcrfen, was dazu f\u00fchrt, dass immer mehr als n\u00f6tig gef\u00e4llt und geschnitten wird.<\/p>\n<p>Das System der Entlohnung mit dem Gr\u00fcnschnitt\/Hackschnitzel ist u. E. fatal und ist ein systemimmanenter Fehler.<\/p>\n<p>Mit freundlichen Gr\u00fc\u00dfen<\/p>\n<p>Karin M\u00fchlenbock<\/p>\n","protected":false},"excerpt":{"rendered":"<p>Sehr geehrte Damen und Herren, seit Jahren, Tendenz immer \u00e4rger, beobachten wir die Praxis von Hessen Mobil und deren Subunternehmer, stra\u00dfenbegleitendes Gr\u00fcn zur\u00fcckzuschneiden. Das gleiche Problem beobachten wir bei der Deutschen Bahn. Angef\u00fcgte Fotos zeigen, dass es sich um bewusste Anpflanzungen bei Neugestaltung der Stra\u00dfe handelt, d.h. der Steuerzahler hat es einst bezahlt und jetzt &hellip; <\/p>\n<p class=\"link-more\"><a href=\"https:\/\/pro-walderhalt.de\/?p=965\" class=\"more-link\"><span class=\"screen-reader-text\">\u201eEin Schreiben an den Bund der Steuerzahler Hessen bez\u00fcglich der vergangenen &#8222;Verkehrssicherung&#8220; durch Hessen Mobil an der B 426 zwischen Eberstadt und M\u00fchltal\u201c <\/span>weiterlesen<\/a><\/p>\n","protected":false},"author":3,"featured_media":0,"comment_status":"closed","ping_status":"closed","sticky":false,"template":"","format":"standard","meta":{"footnotes":""},"categories":[1],"tags":[],"class_list":["post-965","post","type-post","status-publish","format-standard","hentry","category-uncategorized"],"_links":{"self":[{"href":"https:\/\/pro-walderhalt.de\/index.php?rest_route=\/wp\/v2\/posts\/965","targetHints":{"allow":["GET"]}}],"collection":[{"href":"https:\/\/pro-walderhalt.de\/index.php?rest_route=\/wp\/v2\/posts"}],"about":[{"href":"https:\/\/pro-walderhalt.de\/index.php?rest_route=\/wp\/v2\/types\/post"}],"author":[{"embeddable":true,"href":"https:\/\/pro-walderhalt.de\/index.php?rest_route=\/wp\/v2\/users\/3"}],"replies":[{"embeddable":true,"href":"https:\/\/pro-walderhalt.de\/index.php?rest_route=%2Fwp%2Fv2%2Fcomments&post=965"}],"version-history":[{"count":4,"href":"https:\/\/pro-walderhalt.de\/index.php?rest_route=\/wp\/v2\/posts\/965\/revisions"}],"predecessor-version":[{"id":1013,"href":"https:\/\/pro-walderhalt.de\/index.php?rest_route=\/wp\/v2\/posts\/965\/revisions\/1013"}],"wp:attachment":[{"href":"https:\/\/pro-walderhalt.de\/index.php?rest_route=%2Fwp%2Fv2%2Fmedia&parent=965"}],"wp:term":[{"taxonomy":"category","embeddable":true,"href":"https:\/\/pro-walderhalt.de\/index.php?rest_route=%2Fwp%2Fv2%2Fcategories&post=965"},{"taxonomy":"post_tag","embeddable":true,"href":"https:\/\/pro-walderhalt.de\/index.php?rest_route=%2Fwp%2Fv2%2Ftags&post=965"}],"curies":[{"name":"wp","href":"https:\/\/api.w.org\/{rel}","templated":true}]}}