{"id":928,"date":"2022-02-05T00:57:13","date_gmt":"2022-02-05T00:57:13","guid":{"rendered":"http:\/\/pro-walderhalt.de\/?p=928"},"modified":"2022-02-20T01:45:59","modified_gmt":"2022-02-20T01:45:59","slug":"beitrag-in-der-hessenschau-vom-freitag-den-04-02-22-ueber-die-durch-hessen-forst-gefaellten-baeume-am-darmstaedter-waldkunstpfad","status":"publish","type":"post","link":"https:\/\/pro-walderhalt.de\/?p=928","title":{"rendered":"Ein Beitrag in der Hessenschau vom Freitag, den 04.02.22 \u00fcber die durch Hessen-Forst gef\u00e4llten B\u00e4ume am Darmst\u00e4dter Waldkunstpfad"},"content":{"rendered":"<p>Ab Minute 22:30:<\/p>\n<p><a href=\"https:\/\/www.hessenschau.de\/tv-sendung\/die-grosse-pandemiemuedigkeit--hessenschau-vom-04022022,video-165288.html\">https:\/\/www.hessenschau.de\/tv-sendung\/die-grosse-pandemiemuedigkeit&#8211;hessenschau-vom-04022022,video-165288.html<\/a><\/p>\n","protected":false},"excerpt":{"rendered":"<p>Ab Minute 22:30: https:\/\/www.hessenschau.de\/tv-sendung\/die-grosse-pandemiemuedigkeit&#8211;hessenschau-vom-04022022,video-165288.html<\/p>\n","protected":false},"author":3,"featured_media":0,"comment_status":"closed","ping_status":"closed","sticky":false,"template":"","format":"link","meta":{"footnotes":""},"categories":[1],"tags":[],"class_list":["post-928","post","type-post","status-publish","format-link","hentry","category-uncategorized","post_format-post-format-link"],"_links":{"self":[{"href":"https:\/\/pro-walderhalt.de\/index.php?rest_route=\/wp\/v2\/posts\/928","targetHints":{"allow":["GET"]}}],"collection":[{"href":"https:\/\/pro-walderhalt.de\/index.php?rest_route=\/wp\/v2\/posts"}],"about":[{"href":"https:\/\/pro-walderhalt.de\/index.php?rest_route=\/wp\/v2\/types\/post"}],"author":[{"embeddable":true,"href":"https:\/\/pro-walderhalt.de\/index.php?rest_route=\/wp\/v2\/users\/3"}],"replies":[{"embeddable":true,"href":"https:\/\/pro-walderhalt.de\/index.php?rest_route=%2Fwp%2Fv2%2Fcomments&post=928"}],"version-history":[{"count":3,"href":"https:\/\/pro-walderhalt.de\/index.php?rest_route=\/wp\/v2\/posts\/928\/revisions"}],"predecessor-version":[{"id":974,"href":"https:\/\/pro-walderhalt.de\/index.php?rest_route=\/wp\/v2\/posts\/928\/revisions\/974"}],"wp:attachment":[{"href":"https:\/\/pro-walderhalt.de\/index.php?rest_route=%2Fwp%2Fv2%2Fmedia&parent=928"}],"wp:term":[{"taxonomy":"category","embeddable":true,"href":"https:\/\/pro-walderhalt.de\/index.php?rest_route=%2Fwp%2Fv2%2Fcategories&post=928"},{"taxonomy":"post_tag","embeddable":true,"href":"https:\/\/pro-walderhalt.de\/index.php?rest_route=%2Fwp%2Fv2%2Ftags&post=928"}],"curies":[{"name":"wp","href":"https:\/\/api.w.org\/{rel}","templated":true}]}}