{"id":876,"date":"2022-01-21T17:44:26","date_gmt":"2022-01-21T17:44:26","guid":{"rendered":"http:\/\/pro-walderhalt.de\/?p=876"},"modified":"2022-01-21T17:44:26","modified_gmt":"2022-01-21T17:44:26","slug":"radio-darmstadt-simone-schramme-bis-in-da-wald-teil-2-13-01-2022","status":"publish","type":"post","link":"https:\/\/pro-walderhalt.de\/?p=876","title":{"rendered":"Radio Darmstadt \u2013 Simone Schramme: BIs in DA \u2013 Wald \u2013 Teil 2 \u2013 13.01.2022"},"content":{"rendered":"<p><iframe loading=\"lazy\" title=\"Radio Darmstadt \u2013 Simone Schramme: BIs in DA \u2013 Wald \u2013 Teil 2 \u2013 13.01.2022 by BI Pro Walderhalt\" width=\"525\" height=\"400\" scrolling=\"no\" frameborder=\"no\" src=\"https:\/\/w.soundcloud.com\/player\/?visual=true&#038;url=https%3A%2F%2Fapi.soundcloud.com%2Ftracks%2F1201054792&#038;show_artwork=true&#038;maxheight=788&#038;maxwidth=525\"><\/iframe><\/p>\n<p>G\u00e4ste und Themen:<\/p>\n<p>1. Volker Ziesling \u2013 Themen: B\u00fcrgerinitiative &#8222;Waldwende Jetzt!&#8220;; Geplante F\u00e4llungen am Waldkunstpfad Darmstadt; Hessen-Forst; Forstwirtschaft<\/p>\n<p>2. Christian Storm \u2013 Themen: Biologie; \u00d6kologie; Auswirkungen der geplanten F\u00e4llungen am Waldkunstpfad Darmstadt<\/p>\n<p>3. Karin M\u00fchlenbock \u2013 Themen: Intransparenz Hessen-Forsts bez\u00fcglich der geplanten F\u00e4llungen am Waldkunstpfad; Schriftwechsel mit Hessen-Forst; Eilverfahren bez\u00fcglich der geplanten F\u00e4llungen am Waldkunstpfad<\/p>\n<p>4. Meike Pl\u00f6\u00dfer \u2013 Themen: Geplante F\u00e4llungen am Waldkunstpfad Darmstadt; Aktion zur Erhaltung der Buchen am Waldkunstpfad<\/p>\n","protected":false},"excerpt":{"rendered":"<p>G\u00e4ste und Themen: 1. Volker Ziesling \u2013 Themen: B\u00fcrgerinitiative &#8222;Waldwende Jetzt!&#8220;; Geplante F\u00e4llungen am Waldkunstpfad Darmstadt; Hessen-Forst; Forstwirtschaft 2. Christian Storm \u2013 Themen: Biologie; \u00d6kologie; Auswirkungen der geplanten F\u00e4llungen am Waldkunstpfad Darmstadt 3. Karin M\u00fchlenbock \u2013 Themen: Intransparenz Hessen-Forsts bez\u00fcglich der geplanten F\u00e4llungen am Waldkunstpfad; Schriftwechsel mit Hessen-Forst; Eilverfahren bez\u00fcglich der geplanten F\u00e4llungen am Waldkunstpfad &hellip; <\/p>\n<p class=\"link-more\"><a href=\"https:\/\/pro-walderhalt.de\/?p=876\" class=\"more-link\"><span class=\"screen-reader-text\">\u201eRadio Darmstadt \u2013 Simone Schramme: BIs in DA \u2013 Wald \u2013 Teil 2 \u2013 13.01.2022\u201c <\/span>weiterlesen<\/a><\/p>\n","protected":false},"author":3,"featured_media":0,"comment_status":"closed","ping_status":"closed","sticky":false,"template":"","format":"audio","meta":{"footnotes":""},"categories":[1],"tags":[],"class_list":["post-876","post","type-post","status-publish","format-audio","hentry","category-uncategorized","post_format-post-format-audio"],"_links":{"self":[{"href":"https:\/\/pro-walderhalt.de\/index.php?rest_route=\/wp\/v2\/posts\/876","targetHints":{"allow":["GET"]}}],"collection":[{"href":"https:\/\/pro-walderhalt.de\/index.php?rest_route=\/wp\/v2\/posts"}],"about":[{"href":"https:\/\/pro-walderhalt.de\/index.php?rest_route=\/wp\/v2\/types\/post"}],"author":[{"embeddable":true,"href":"https:\/\/pro-walderhalt.de\/index.php?rest_route=\/wp\/v2\/users\/3"}],"replies":[{"embeddable":true,"href":"https:\/\/pro-walderhalt.de\/index.php?rest_route=%2Fwp%2Fv2%2Fcomments&post=876"}],"version-history":[{"count":1,"href":"https:\/\/pro-walderhalt.de\/index.php?rest_route=\/wp\/v2\/posts\/876\/revisions"}],"predecessor-version":[{"id":877,"href":"https:\/\/pro-walderhalt.de\/index.php?rest_route=\/wp\/v2\/posts\/876\/revisions\/877"}],"wp:attachment":[{"href":"https:\/\/pro-walderhalt.de\/index.php?rest_route=%2Fwp%2Fv2%2Fmedia&parent=876"}],"wp:term":[{"taxonomy":"category","embeddable":true,"href":"https:\/\/pro-walderhalt.de\/index.php?rest_route=%2Fwp%2Fv2%2Fcategories&post=876"},{"taxonomy":"post_tag","embeddable":true,"href":"https:\/\/pro-walderhalt.de\/index.php?rest_route=%2Fwp%2Fv2%2Ftags&post=876"}],"curies":[{"name":"wp","href":"https:\/\/api.w.org\/{rel}","templated":true}]}}