{"id":790,"date":"2021-11-20T13:52:35","date_gmt":"2021-11-20T13:52:35","guid":{"rendered":"http:\/\/pro-walderhalt.de\/?p=790"},"modified":"2021-11-22T10:14:24","modified_gmt":"2021-11-22T10:14:24","slug":"podcast-zum-walkunstpfad","status":"publish","type":"post","link":"https:\/\/pro-walderhalt.de\/?p=790","title":{"rendered":"Podcast zum Walkunstpfad"},"content":{"rendered":"<p>Das Da-Echo\/VRM hat mit Karin M\u00fchlenbock \u00fcber die F\u00e4llungen am Waldkunstpfad in Darmstadt gesprochen.<\/p>\n<p><img loading=\"lazy\" decoding=\"async\" class=\"alignnone size-medium wp-image-791\" src=\"http:\/\/pro-walderhalt.de\/wp-content\/uploads\/2021\/11\/image-002-300x145.jpeg\" alt=\"\" width=\"300\" height=\"145\" srcset=\"https:\/\/pro-walderhalt.de\/wp-content\/uploads\/2021\/11\/image-002-300x145.jpeg 300w, https:\/\/pro-walderhalt.de\/wp-content\/uploads\/2021\/11\/image-002.jpeg 591w\" sizes=\"auto, (max-width: 300px) 100vw, 300px\" \/><\/p>\n","protected":false},"excerpt":{"rendered":"<p>Das Da-Echo\/VRM hat mit Karin M\u00fchlenbock \u00fcber die F\u00e4llungen am Waldkunstpfad in Darmstadt gesprochen.<\/p>\n","protected":false},"author":3,"featured_media":0,"comment_status":"closed","ping_status":"closed","sticky":false,"template":"","format":"standard","meta":{"footnotes":""},"categories":[1],"tags":[],"class_list":["post-790","post","type-post","status-publish","format-standard","hentry","category-uncategorized"],"_links":{"self":[{"href":"https:\/\/pro-walderhalt.de\/index.php?rest_route=\/wp\/v2\/posts\/790","targetHints":{"allow":["GET"]}}],"collection":[{"href":"https:\/\/pro-walderhalt.de\/index.php?rest_route=\/wp\/v2\/posts"}],"about":[{"href":"https:\/\/pro-walderhalt.de\/index.php?rest_route=\/wp\/v2\/types\/post"}],"author":[{"embeddable":true,"href":"https:\/\/pro-walderhalt.de\/index.php?rest_route=\/wp\/v2\/users\/3"}],"replies":[{"embeddable":true,"href":"https:\/\/pro-walderhalt.de\/index.php?rest_route=%2Fwp%2Fv2%2Fcomments&post=790"}],"version-history":[{"count":2,"href":"https:\/\/pro-walderhalt.de\/index.php?rest_route=\/wp\/v2\/posts\/790\/revisions"}],"predecessor-version":[{"id":793,"href":"https:\/\/pro-walderhalt.de\/index.php?rest_route=\/wp\/v2\/posts\/790\/revisions\/793"}],"wp:attachment":[{"href":"https:\/\/pro-walderhalt.de\/index.php?rest_route=%2Fwp%2Fv2%2Fmedia&parent=790"}],"wp:term":[{"taxonomy":"category","embeddable":true,"href":"https:\/\/pro-walderhalt.de\/index.php?rest_route=%2Fwp%2Fv2%2Fcategories&post=790"},{"taxonomy":"post_tag","embeddable":true,"href":"https:\/\/pro-walderhalt.de\/index.php?rest_route=%2Fwp%2Fv2%2Ftags&post=790"}],"curies":[{"name":"wp","href":"https:\/\/api.w.org\/{rel}","templated":true}]}}