{"id":758,"date":"2021-10-08T09:42:33","date_gmt":"2021-10-08T09:42:33","guid":{"rendered":"http:\/\/pro-walderhalt.de\/?p=758"},"modified":"2021-10-08T09:57:16","modified_gmt":"2021-10-08T09:57:16","slug":"faellaktionen-von-hessen-forst-im-namen-der-wegesicherung","status":"publish","type":"post","link":"https:\/\/pro-walderhalt.de\/?p=758","title":{"rendered":"F\u00e4llaktionen von Hessen Forst im Namen der Wegesicherung"},"content":{"rendered":"<p><img loading=\"lazy\" decoding=\"async\" class=\"alignnone size-medium wp-image-759\" src=\"http:\/\/pro-walderhalt.de\/wp-content\/uploads\/2021\/10\/20211004_100423110_iOS-225x300.jpeg\" alt=\"\" width=\"225\" height=\"300\" srcset=\"https:\/\/pro-walderhalt.de\/wp-content\/uploads\/2021\/10\/20211004_100423110_iOS-225x300.jpeg 225w, https:\/\/pro-walderhalt.de\/wp-content\/uploads\/2021\/10\/20211004_100423110_iOS-768x1024.jpeg 768w, https:\/\/pro-walderhalt.de\/wp-content\/uploads\/2021\/10\/20211004_100423110_iOS.jpeg 960w\" sizes=\"auto, (max-width: 225px) 100vw, 225px\" \/> <img loading=\"lazy\" decoding=\"async\" class=\"alignnone size-medium wp-image-760\" src=\"http:\/\/pro-walderhalt.de\/wp-content\/uploads\/2021\/10\/20211004_100426991_iOS-225x300.jpeg\" alt=\"\" width=\"225\" height=\"300\" srcset=\"https:\/\/pro-walderhalt.de\/wp-content\/uploads\/2021\/10\/20211004_100426991_iOS-225x300.jpeg 225w, https:\/\/pro-walderhalt.de\/wp-content\/uploads\/2021\/10\/20211004_100426991_iOS-768x1024.jpeg 768w, https:\/\/pro-walderhalt.de\/wp-content\/uploads\/2021\/10\/20211004_100426991_iOS.jpeg 960w\" sizes=\"auto, (max-width: 225px) 100vw, 225px\" \/> <img loading=\"lazy\" decoding=\"async\" class=\"alignnone wp-image-761\" src=\"http:\/\/pro-walderhalt.de\/wp-content\/uploads\/2021\/10\/20211004_165146684_iOS-1-300x225.jpeg\" alt=\"\" width=\"255\" height=\"191\" srcset=\"https:\/\/pro-walderhalt.de\/wp-content\/uploads\/2021\/10\/20211004_165146684_iOS-1-300x225.jpeg 300w, https:\/\/pro-walderhalt.de\/wp-content\/uploads\/2021\/10\/20211004_165146684_iOS-1-1024x768.jpeg 1024w, https:\/\/pro-walderhalt.de\/wp-content\/uploads\/2021\/10\/20211004_165146684_iOS-1-768x576.jpeg 768w, https:\/\/pro-walderhalt.de\/wp-content\/uploads\/2021\/10\/20211004_165146684_iOS-1.jpeg 1280w\" sizes=\"auto, (max-width: 255px) 100vw, 255px\" \/> <img loading=\"lazy\" decoding=\"async\" class=\"alignnone wp-image-762\" src=\"http:\/\/pro-walderhalt.de\/wp-content\/uploads\/2021\/10\/20211004_165234981_iOS-1-300x225.jpeg\" alt=\"\" width=\"254\" height=\"190\" srcset=\"https:\/\/pro-walderhalt.de\/wp-content\/uploads\/2021\/10\/20211004_165234981_iOS-1-300x225.jpeg 300w, https:\/\/pro-walderhalt.de\/wp-content\/uploads\/2021\/10\/20211004_165234981_iOS-1-1024x768.jpeg 1024w, https:\/\/pro-walderhalt.de\/wp-content\/uploads\/2021\/10\/20211004_165234981_iOS-1-768x576.jpeg 768w, https:\/\/pro-walderhalt.de\/wp-content\/uploads\/2021\/10\/20211004_165234981_iOS-1.jpeg 1280w\" sizes=\"auto, (max-width: 254px) 100vw, 254px\" \/> <img loading=\"lazy\" decoding=\"async\" class=\"alignnone wp-image-763\" src=\"http:\/\/pro-walderhalt.de\/wp-content\/uploads\/2021\/10\/20211004_165327679_iOS-1-300x225.jpeg\" alt=\"\" width=\"256\" height=\"192\" srcset=\"https:\/\/pro-walderhalt.de\/wp-content\/uploads\/2021\/10\/20211004_165327679_iOS-1-300x225.jpeg 300w, https:\/\/pro-walderhalt.de\/wp-content\/uploads\/2021\/10\/20211004_165327679_iOS-1-1024x768.jpeg 1024w, https:\/\/pro-walderhalt.de\/wp-content\/uploads\/2021\/10\/20211004_165327679_iOS-1-768x576.jpeg 768w, https:\/\/pro-walderhalt.de\/wp-content\/uploads\/2021\/10\/20211004_165327679_iOS-1.jpeg 1280w\" sizes=\"auto, (max-width: 256px) 100vw, 256px\" \/> <img loading=\"lazy\" decoding=\"async\" class=\"alignnone wp-image-764\" src=\"http:\/\/pro-walderhalt.de\/wp-content\/uploads\/2021\/10\/20211004_165431360_iOS-1-300x225.jpeg\" alt=\"\" width=\"252\" height=\"189\" srcset=\"https:\/\/pro-walderhalt.de\/wp-content\/uploads\/2021\/10\/20211004_165431360_iOS-1-300x225.jpeg 300w, https:\/\/pro-walderhalt.de\/wp-content\/uploads\/2021\/10\/20211004_165431360_iOS-1-1024x768.jpeg 1024w, https:\/\/pro-walderhalt.de\/wp-content\/uploads\/2021\/10\/20211004_165431360_iOS-1-768x576.jpeg 768w, https:\/\/pro-walderhalt.de\/wp-content\/uploads\/2021\/10\/20211004_165431360_iOS-1.jpeg 1280w\" sizes=\"auto, (max-width: 252px) 100vw, 252px\" \/><\/p>\n<p>&nbsp;<\/p>\n<p>Nat\u00fcrlich ist es nicht nur Wegesicherung, diese ist der geringste Grund weshalb wieder heftig gef\u00e4llt wird. Es ist nach wie vor die Wirtschaftlichkeit weshalb auch in Gebieten, die sehr stark von Menschen frequentiert werden, wie hier im Bereich Trautheim, Klingenteich, am und um den Waldkunstpfad Darmstadt, etc., gef\u00e4llt wird. Es wird einfach von Seiten des Bewirtschafters Hessen Forst keinerlei R\u00fccksicht auf das Bed\u00fcrfnis von B\u00fcrgern im angrenzenden Wald Naherholung in einem einigerma\u00dfen ansehnlichen Wald zu suchen. Die Gemeinde k\u00f6nnte, die Betonung liegt auf k\u00f6nnte, HessenForst vorgeben wie sie ihren Wald bewirtschaftet haben m\u00f6chte, f\u00fcr den Staatswald gilt das leider nicht. F\u00fcr den erholungssuchenden B\u00fcrger ist es schlicht egal in welchem Wald er sich befindet, Grenzen sind ja nicht angezeigt. Leider ist die gr\u00fcne Umweltministerin Priska Hinz nicht in der Lage f\u00fcr den Staatswald die richtigen Schritte einzuleiten. Seit Jahren versuchen wir vergeblich f\u00fcr unsere W\u00e4lder bei ihr Verst\u00e4ndnis zu finden . Die Quittung hierf\u00fcr hat sie nun erhalten, durch die ungesunde Ausbeute unserer Staatsw\u00e4lder muss Hinz nun viel Geld in die Hand nehmen um unsere W\u00e4lder zu retten. Auch aus diesem Umstand ist Hinz nicht in der Lage die richtigen Schl\u00fcsse zu ziehen. Die Holzlobby hat bei ihr ganze Arbeit geleistet!<\/p>\n<p>Karin M\u00fchlenbock<\/p>\n","protected":false},"excerpt":{"rendered":"<p>&nbsp; Nat\u00fcrlich ist es nicht nur Wegesicherung, diese ist der geringste Grund weshalb wieder heftig gef\u00e4llt wird. Es ist nach wie vor die Wirtschaftlichkeit weshalb auch in Gebieten, die sehr stark von Menschen frequentiert werden, wie hier im Bereich Trautheim, Klingenteich, am und um den Waldkunstpfad Darmstadt, etc., gef\u00e4llt wird. Es wird einfach von Seiten &hellip; <\/p>\n<p class=\"link-more\"><a href=\"https:\/\/pro-walderhalt.de\/?p=758\" class=\"more-link\"><span class=\"screen-reader-text\">\u201eF\u00e4llaktionen von Hessen Forst im Namen der Wegesicherung\u201c <\/span>weiterlesen<\/a><\/p>\n","protected":false},"author":3,"featured_media":0,"comment_status":"closed","ping_status":"closed","sticky":false,"template":"","format":"standard","meta":{"footnotes":""},"categories":[1],"tags":[],"class_list":["post-758","post","type-post","status-publish","format-standard","hentry","category-uncategorized"],"_links":{"self":[{"href":"https:\/\/pro-walderhalt.de\/index.php?rest_route=\/wp\/v2\/posts\/758","targetHints":{"allow":["GET"]}}],"collection":[{"href":"https:\/\/pro-walderhalt.de\/index.php?rest_route=\/wp\/v2\/posts"}],"about":[{"href":"https:\/\/pro-walderhalt.de\/index.php?rest_route=\/wp\/v2\/types\/post"}],"author":[{"embeddable":true,"href":"https:\/\/pro-walderhalt.de\/index.php?rest_route=\/wp\/v2\/users\/3"}],"replies":[{"embeddable":true,"href":"https:\/\/pro-walderhalt.de\/index.php?rest_route=%2Fwp%2Fv2%2Fcomments&post=758"}],"version-history":[{"count":3,"href":"https:\/\/pro-walderhalt.de\/index.php?rest_route=\/wp\/v2\/posts\/758\/revisions"}],"predecessor-version":[{"id":767,"href":"https:\/\/pro-walderhalt.de\/index.php?rest_route=\/wp\/v2\/posts\/758\/revisions\/767"}],"wp:attachment":[{"href":"https:\/\/pro-walderhalt.de\/index.php?rest_route=%2Fwp%2Fv2%2Fmedia&parent=758"}],"wp:term":[{"taxonomy":"category","embeddable":true,"href":"https:\/\/pro-walderhalt.de\/index.php?rest_route=%2Fwp%2Fv2%2Fcategories&post=758"},{"taxonomy":"post_tag","embeddable":true,"href":"https:\/\/pro-walderhalt.de\/index.php?rest_route=%2Fwp%2Fv2%2Ftags&post=758"}],"curies":[{"name":"wp","href":"https:\/\/api.w.org\/{rel}","templated":true}]}}