{"id":702,"date":"2021-03-03T20:07:46","date_gmt":"2021-03-03T20:07:46","guid":{"rendered":"http:\/\/pro-walderhalt.de\/?p=702"},"modified":"2021-03-03T20:07:46","modified_gmt":"2021-03-03T20:07:46","slug":"wissenschaftsstadt-darmstadt-legt-bericht-des-runden-tisch-wald-vor","status":"publish","type":"post","link":"https:\/\/pro-walderhalt.de\/?p=702","title":{"rendered":"Wissenschaftsstadt Darmstadt legt Bericht des \u201eRUNDEN TISCH WALD\u201c vor"},"content":{"rendered":"<p><strong>Nach \u00fcber einem Jahr intensiver und konstruktiver Arbeit im Runden Tisch Wald wurde das Ergebnis vorgelegt. Karin M\u00fchlenbock von unserer BI hat sich auch am Runden Tisch engagiert beteiligt.<\/strong><\/p>\n<p><span style=\"color: #0000ff;\"><strong><a style=\"color: #0000ff;\" href=\"http:\/\/pro-walderhalt.de\/wp-content\/uploads\/2021\/03\/Bericht_Runder_Tisch_Wald_2021-01-05.pdf\">Bericht: Runder Tisch Wald<\/a><\/strong><\/span><\/p>\n<p>Hierzu erl\u00e4utert Dr. Christian Storm: \u201eDas Leitbild umfasst die Erhaltung des Stadtwaldes in seinem gegenw\u00e4rtigen Fl\u00e4chenumfang und die Erhaltung beziehungsweise den Aufbau artenreicher, naturnaher Wald\u00f6kosysteme, die stabil und anpassungsf\u00e4hig sind und viele wichtige Funktionen f\u00fcr die Menschen erbringen. Einige Ma\u00dfnahmen zur Erreichung dieser Ziele sind<br \/>\nder Schutz des Waldinnenklimas und des Bodens, die St\u00e4rkung der biologischen Vielfalt und die F\u00f6rderung einer naturnahen Baumartenzusammensetzung mit erh\u00f6hten Anteilen alter, gro\u00dfer B\u00e4ume. Zur Sicherstellung einer ausreichenden Naturverj\u00fcngung muss die Rehwilddichte angepasst werden. Erg\u00e4nzend wird die Einbringung vorrangig heimischer, klimaangepasster Baumarten vorgeschlagen. Aufgrund der teilweise deutlich sichtbaren Sch\u00e4den im Wald ist es wichtig, nun Ma\u00dfnahmen zur Stabilisierung des Stadtwaldes zu ergreifen, Eingriffe zu minimieren und gr\u00f6\u00dfere Fl\u00e4chen aus der Nutzung zu nehmen. Die zeitnahe Beschlussfassung des Leitbildes und der Handlungsempfehlungen durch den Magistrat und die entsprechende Einbringung in die Stadtverordnetenversammlung begr\u00fc\u00dfe ich sehr\u201c.<\/p>\n<p>Gleichzeitig wird das bereits in 2019 begonnene Moratorium fortgesetzt, wonach im Stadtwald ausschlie\u00dflich B\u00e4ume aus Verkehrssicherungsgr\u00fcnden gef\u00e4llt werden, nicht aus waldwirtschaftlichen Interessen.<\/p>\n<p>Dar\u00fcber hinaus wurde als weitere Sofortma\u00dfnahmen bereits initiiert, dass zuk\u00fcnftig Totholz aufgrund seines vielf\u00e4ltigen Nutzens f\u00fcr Biodiversit\u00e4t, Humusaufbau und Wasserspeicherf\u00e4higkeit wo immer m\u00f6glich im Wald belassen wird, dass Wegesperrungen von Nebenwegen und Trampelpfaden vorgenommen werden, um Verkehrssicherungsma\u00dfnahmen auf das absolute Mindestma\u00df reduzieren zu k\u00f6nnen und dass notwendige Ma\u00dfnahmen so bodenschonend wie m\u00f6glich durchgef\u00fchrt werden.<\/p>\n","protected":false},"excerpt":{"rendered":"<p>Nach \u00fcber einem Jahr intensiver und konstruktiver Arbeit im Runden Tisch Wald wurde das Ergebnis vorgelegt. Karin M\u00fchlenbock von unserer BI hat sich auch am Runden Tisch engagiert beteiligt. Bericht: Runder Tisch Wald Hierzu erl\u00e4utert Dr. Christian Storm: \u201eDas Leitbild umfasst die Erhaltung des Stadtwaldes in seinem gegenw\u00e4rtigen Fl\u00e4chenumfang und die Erhaltung beziehungsweise den Aufbau &hellip; <\/p>\n<p class=\"link-more\"><a href=\"https:\/\/pro-walderhalt.de\/?p=702\" class=\"more-link\"><span class=\"screen-reader-text\">\u201eWissenschaftsstadt Darmstadt legt Bericht des \u201eRUNDEN TISCH WALD\u201c vor\u201c <\/span>weiterlesen<\/a><\/p>\n","protected":false},"author":3,"featured_media":0,"comment_status":"closed","ping_status":"closed","sticky":false,"template":"","format":"standard","meta":{"footnotes":""},"categories":[1],"tags":[],"class_list":["post-702","post","type-post","status-publish","format-standard","hentry","category-uncategorized"],"_links":{"self":[{"href":"https:\/\/pro-walderhalt.de\/index.php?rest_route=\/wp\/v2\/posts\/702","targetHints":{"allow":["GET"]}}],"collection":[{"href":"https:\/\/pro-walderhalt.de\/index.php?rest_route=\/wp\/v2\/posts"}],"about":[{"href":"https:\/\/pro-walderhalt.de\/index.php?rest_route=\/wp\/v2\/types\/post"}],"author":[{"embeddable":true,"href":"https:\/\/pro-walderhalt.de\/index.php?rest_route=\/wp\/v2\/users\/3"}],"replies":[{"embeddable":true,"href":"https:\/\/pro-walderhalt.de\/index.php?rest_route=%2Fwp%2Fv2%2Fcomments&post=702"}],"version-history":[{"count":1,"href":"https:\/\/pro-walderhalt.de\/index.php?rest_route=\/wp\/v2\/posts\/702\/revisions"}],"predecessor-version":[{"id":704,"href":"https:\/\/pro-walderhalt.de\/index.php?rest_route=\/wp\/v2\/posts\/702\/revisions\/704"}],"wp:attachment":[{"href":"https:\/\/pro-walderhalt.de\/index.php?rest_route=%2Fwp%2Fv2%2Fmedia&parent=702"}],"wp:term":[{"taxonomy":"category","embeddable":true,"href":"https:\/\/pro-walderhalt.de\/index.php?rest_route=%2Fwp%2Fv2%2Fcategories&post=702"},{"taxonomy":"post_tag","embeddable":true,"href":"https:\/\/pro-walderhalt.de\/index.php?rest_route=%2Fwp%2Fv2%2Ftags&post=702"}],"curies":[{"name":"wp","href":"https:\/\/api.w.org\/{rel}","templated":true}]}}