{"id":63,"date":"2018-02-28T11:51:19","date_gmt":"2018-02-28T11:51:19","guid":{"rendered":"http:\/\/pro-walderhalt.de\/?p=63"},"modified":"2019-02-20T18:40:48","modified_gmt":"2019-02-20T18:40:48","slug":"flugblatt-aktion","status":"publish","type":"post","link":"https:\/\/pro-walderhalt.de\/?p=63","title":{"rendered":"Flugblatt-Aktion"},"content":{"rendered":"<p>Unsere BI- Mitglieder h\u00e4ngen derzeit im Wald Flugbl\u00e4tter auf.<\/p>\n<p><a href=\"http:\/\/pro-walderhalt.de\/wp-content\/uploads\/2018\/02\/FlugblattWald.pdf\">FlugblattWald<\/a><\/p>\n<p><a href=\"http:\/\/pro-walderhalt.de\/wp-content\/uploads\/2018\/02\/FlugblattWaldfrevel.pdf\">FlugblattWaldfrevel<\/a><\/p>\n<p><a href=\"http:\/\/pro-walderhalt.de\/wp-content\/uploads\/2018\/02\/BBIWS.docx\">BBIWS<\/a><\/p>\n<p><a href=\"http:\/\/pro-walderhalt.de\/wp-content\/uploads\/2018\/02\/Nachhaltig.pdf\">Nachhaltig<\/a><\/p>\n<p><a href=\"http:\/\/pro-walderhalt.de\/wp-content\/uploads\/2018\/02\/Bodenverdichtung.pdf\">Bodenverdichtung<\/a><\/p>\n<p><a href=\"http:\/\/pro-walderhalt.de\/wp-content\/uploads\/2018\/02\/Dicke-alte-B\u00e4ume.pdf\">Dicke alte B\u00e4ume<\/a><\/p>\n<p><a href=\"http:\/\/pro-walderhalt.de\/wp-content\/uploads\/2018\/02\/Vogelbrutzeit.pdf\">Vogelbrutzeit<\/a><\/p>\n<p>Wie wir bereits vielf\u00e4ltig erfahren haben, schafft es ein Bewusstsein f\u00fcr die Problematik und kanalisiert den Protest der B\u00fcrger.<\/p>\n<p>Jeder der m\u00f6chte kann sich die Flyer ausdrucken und im Wald aufh\u00e4ngen, vorzugsweise an die riesigen Holzstapel im Wald und an zur F\u00e4llung gekennzeichnete B\u00e4ume.<\/p>\n<p>Empfehlenswert sind Rei\u00dfzwecken, da man damit die B\u00e4ume nicht besch\u00e4digt.<\/p>\n","protected":false},"excerpt":{"rendered":"<p>Unsere BI- Mitglieder h\u00e4ngen derzeit im Wald Flugbl\u00e4tter auf. FlugblattWald FlugblattWaldfrevel BBIWS Nachhaltig Bodenverdichtung Dicke alte B\u00e4ume Vogelbrutzeit Wie wir bereits vielf\u00e4ltig erfahren haben, schafft es ein Bewusstsein f\u00fcr die Problematik und kanalisiert den Protest der B\u00fcrger. Jeder der m\u00f6chte kann sich die Flyer ausdrucken und im Wald aufh\u00e4ngen, vorzugsweise an die riesigen Holzstapel im &hellip; <\/p>\n<p class=\"link-more\"><a href=\"https:\/\/pro-walderhalt.de\/?p=63\" class=\"more-link\"><span class=\"screen-reader-text\">\u201eFlugblatt-Aktion\u201c <\/span>weiterlesen<\/a><\/p>\n","protected":false},"author":3,"featured_media":0,"comment_status":"closed","ping_status":"closed","sticky":false,"template":"","format":"standard","meta":{"footnotes":""},"categories":[3],"tags":[],"class_list":["post-63","post","type-post","status-publish","format-standard","hentry","category-news"],"_links":{"self":[{"href":"https:\/\/pro-walderhalt.de\/index.php?rest_route=\/wp\/v2\/posts\/63","targetHints":{"allow":["GET"]}}],"collection":[{"href":"https:\/\/pro-walderhalt.de\/index.php?rest_route=\/wp\/v2\/posts"}],"about":[{"href":"https:\/\/pro-walderhalt.de\/index.php?rest_route=\/wp\/v2\/types\/post"}],"author":[{"embeddable":true,"href":"https:\/\/pro-walderhalt.de\/index.php?rest_route=\/wp\/v2\/users\/3"}],"replies":[{"embeddable":true,"href":"https:\/\/pro-walderhalt.de\/index.php?rest_route=%2Fwp%2Fv2%2Fcomments&post=63"}],"version-history":[{"count":7,"href":"https:\/\/pro-walderhalt.de\/index.php?rest_route=\/wp\/v2\/posts\/63\/revisions"}],"predecessor-version":[{"id":167,"href":"https:\/\/pro-walderhalt.de\/index.php?rest_route=\/wp\/v2\/posts\/63\/revisions\/167"}],"wp:attachment":[{"href":"https:\/\/pro-walderhalt.de\/index.php?rest_route=%2Fwp%2Fv2%2Fmedia&parent=63"}],"wp:term":[{"taxonomy":"category","embeddable":true,"href":"https:\/\/pro-walderhalt.de\/index.php?rest_route=%2Fwp%2Fv2%2Fcategories&post=63"},{"taxonomy":"post_tag","embeddable":true,"href":"https:\/\/pro-walderhalt.de\/index.php?rest_route=%2Fwp%2Fv2%2Ftags&post=63"}],"curies":[{"name":"wp","href":"https:\/\/api.w.org\/{rel}","templated":true}]}}