{"id":567,"date":"2020-02-27T16:20:20","date_gmt":"2020-02-27T16:20:20","guid":{"rendered":"http:\/\/pro-walderhalt.de\/?p=567"},"modified":"2020-02-27T16:22:33","modified_gmt":"2020-02-27T16:22:33","slug":"aus-dem-wald-in-den-ofen","status":"publish","type":"post","link":"https:\/\/pro-walderhalt.de\/?p=567","title":{"rendered":"Aus dem Wald, in den Ofen"},"content":{"rendered":"<p><img loading=\"lazy\" decoding=\"async\" class=\"alignnone size-medium wp-image-571\" src=\"http:\/\/pro-walderhalt.de\/wp-content\/uploads\/2020\/02\/Wald4-300x169.jpg\" alt=\"\" width=\"300\" height=\"169\" srcset=\"https:\/\/pro-walderhalt.de\/wp-content\/uploads\/2020\/02\/Wald4-300x169.jpg 300w, https:\/\/pro-walderhalt.de\/wp-content\/uploads\/2020\/02\/Wald4-768x432.jpg 768w, https:\/\/pro-walderhalt.de\/wp-content\/uploads\/2020\/02\/Wald4-1024x576.jpg 1024w, https:\/\/pro-walderhalt.de\/wp-content\/uploads\/2020\/02\/Wald4.jpg 1376w\" sizes=\"auto, (max-width: 300px) 100vw, 300px\" \/> <img loading=\"lazy\" decoding=\"async\" class=\"alignnone  wp-image-570\" src=\"http:\/\/pro-walderhalt.de\/wp-content\/uploads\/2020\/02\/Wald3-300x169.jpg\" alt=\"\" width=\"309\" height=\"174\" srcset=\"https:\/\/pro-walderhalt.de\/wp-content\/uploads\/2020\/02\/Wald3-300x169.jpg 300w, https:\/\/pro-walderhalt.de\/wp-content\/uploads\/2020\/02\/Wald3-768x432.jpg 768w, https:\/\/pro-walderhalt.de\/wp-content\/uploads\/2020\/02\/Wald3-1024x576.jpg 1024w, https:\/\/pro-walderhalt.de\/wp-content\/uploads\/2020\/02\/Wald3.jpg 1376w\" sizes=\"auto, (max-width: 309px) 100vw, 309px\" \/> <img loading=\"lazy\" decoding=\"async\" class=\"alignnone  wp-image-569\" src=\"http:\/\/pro-walderhalt.de\/wp-content\/uploads\/2020\/02\/Wald2-300x219.jpg\" alt=\"\" width=\"310\" height=\"226\" srcset=\"https:\/\/pro-walderhalt.de\/wp-content\/uploads\/2020\/02\/Wald2-300x219.jpg 300w, https:\/\/pro-walderhalt.de\/wp-content\/uploads\/2020\/02\/Wald2-768x560.jpg 768w, https:\/\/pro-walderhalt.de\/wp-content\/uploads\/2020\/02\/Wald2-1024x747.jpg 1024w\" sizes=\"auto, (max-width: 310px) 100vw, 310px\" \/> <img loading=\"lazy\" decoding=\"async\" class=\"alignnone  wp-image-568\" src=\"http:\/\/pro-walderhalt.de\/wp-content\/uploads\/2020\/02\/Wald1-300x239.jpg\" alt=\"\" width=\"311\" height=\"248\" srcset=\"https:\/\/pro-walderhalt.de\/wp-content\/uploads\/2020\/02\/Wald1-300x239.jpg 300w, https:\/\/pro-walderhalt.de\/wp-content\/uploads\/2020\/02\/Wald1-768x611.jpg 768w, https:\/\/pro-walderhalt.de\/wp-content\/uploads\/2020\/02\/Wald1-1024x815.jpg 1024w\" sizes=\"auto, (max-width: 311px) 100vw, 311px\" \/><\/p>\n<p>Das Schlimmste, was mit dem wertvollen Rohstoff Holz gemacht werden kann, ist es aus dem Wald zu holen und im Ofen oder Kamin zu verbrennen. Es ist klimasch\u00e4dlich und \u00f6konomisch kontraproduktiv. Mittlerweile f\u00fchrt es auch in manchen Gegenden zur Luftverschmutzung die kaum noch zu ertragen ist.<\/p>\n<p>Im Bereich hinter der Waldstra\u00dfe in M\u00fchltal (Traisa) kann ein abschreckendes Beispiel aufgezeigt werden. Nachdem im Herbst einige B\u00e4ume aus Verkehrssicherheitsgr\u00fcnden gef\u00e4llt wurden ist im Sturm eine ca. 60 Jahre alte Buche entwurzelt worden. Daneben wurde gleich weitere gef\u00e4llt.<\/p>\n<p>Die Buchen wurden zu Brennholz verarbeitet und zum gro\u00dfen Teil abtransportiert. Auf dem gleichen Areal wird seit Jahren Holz zwischen den B\u00e4umen gelagert. Warum sorgt Hessen Forst als Dienstleister f\u00fcr die Gemeinde nicht daf\u00fcr, dass das Brennholz nicht von dem K\u00e4ufer abgeholt wird? Unter diesen Bedingungen kann an dieser Stelle kein Baum mehr nachwachsen.<\/p>\n<p>G\u00fcnter Rexroth<\/p>\n","protected":false},"excerpt":{"rendered":"<p>Das Schlimmste, was mit dem wertvollen Rohstoff Holz gemacht werden kann, ist es aus dem Wald zu holen und im Ofen oder Kamin zu verbrennen. Es ist klimasch\u00e4dlich und \u00f6konomisch kontraproduktiv. Mittlerweile f\u00fchrt es auch in manchen Gegenden zur Luftverschmutzung die kaum noch zu ertragen ist. Im Bereich hinter der Waldstra\u00dfe in M\u00fchltal (Traisa) kann &hellip; <\/p>\n<p class=\"link-more\"><a href=\"https:\/\/pro-walderhalt.de\/?p=567\" class=\"more-link\"><span class=\"screen-reader-text\">\u201eAus dem Wald, in den Ofen\u201c <\/span>weiterlesen<\/a><\/p>\n","protected":false},"author":3,"featured_media":0,"comment_status":"closed","ping_status":"closed","sticky":false,"template":"","format":"standard","meta":{"footnotes":""},"categories":[1],"tags":[],"class_list":["post-567","post","type-post","status-publish","format-standard","hentry","category-uncategorized"],"_links":{"self":[{"href":"https:\/\/pro-walderhalt.de\/index.php?rest_route=\/wp\/v2\/posts\/567","targetHints":{"allow":["GET"]}}],"collection":[{"href":"https:\/\/pro-walderhalt.de\/index.php?rest_route=\/wp\/v2\/posts"}],"about":[{"href":"https:\/\/pro-walderhalt.de\/index.php?rest_route=\/wp\/v2\/types\/post"}],"author":[{"embeddable":true,"href":"https:\/\/pro-walderhalt.de\/index.php?rest_route=\/wp\/v2\/users\/3"}],"replies":[{"embeddable":true,"href":"https:\/\/pro-walderhalt.de\/index.php?rest_route=%2Fwp%2Fv2%2Fcomments&post=567"}],"version-history":[{"count":3,"href":"https:\/\/pro-walderhalt.de\/index.php?rest_route=\/wp\/v2\/posts\/567\/revisions"}],"predecessor-version":[{"id":574,"href":"https:\/\/pro-walderhalt.de\/index.php?rest_route=\/wp\/v2\/posts\/567\/revisions\/574"}],"wp:attachment":[{"href":"https:\/\/pro-walderhalt.de\/index.php?rest_route=%2Fwp%2Fv2%2Fmedia&parent=567"}],"wp:term":[{"taxonomy":"category","embeddable":true,"href":"https:\/\/pro-walderhalt.de\/index.php?rest_route=%2Fwp%2Fv2%2Fcategories&post=567"},{"taxonomy":"post_tag","embeddable":true,"href":"https:\/\/pro-walderhalt.de\/index.php?rest_route=%2Fwp%2Fv2%2Ftags&post=567"}],"curies":[{"name":"wp","href":"https:\/\/api.w.org\/{rel}","templated":true}]}}