{"id":534,"date":"2020-01-28T13:29:14","date_gmt":"2020-01-28T13:29:14","guid":{"rendered":"http:\/\/pro-walderhalt.de\/?p=534"},"modified":"2020-01-28T13:29:14","modified_gmt":"2020-01-28T13:29:14","slug":"peter-wohlleben-in-darmstadt","status":"publish","type":"post","link":"https:\/\/pro-walderhalt.de\/?p=534","title":{"rendered":"Peter Wohlleben in Darmstadt"},"content":{"rendered":"<p><img loading=\"lazy\" decoding=\"async\" class=\"alignnone  wp-image-535\" src=\"http:\/\/pro-walderhalt.de\/wp-content\/uploads\/2020\/01\/FilmWohl-300x179.jpg\" alt=\"\" width=\"491\" height=\"293\" srcset=\"https:\/\/pro-walderhalt.de\/wp-content\/uploads\/2020\/01\/FilmWohl-300x179.jpg 300w, https:\/\/pro-walderhalt.de\/wp-content\/uploads\/2020\/01\/FilmWohl-768x458.jpg 768w, https:\/\/pro-walderhalt.de\/wp-content\/uploads\/2020\/01\/FilmWohl-1024x611.jpg 1024w\" sizes=\"auto, (max-width: 491px) 100vw, 491px\" \/><\/p>\n<p>Peter Wohlleben und Mitglieder unserer BBI pro-walderhalt.de<\/p>\n<p>Peter Wohlleben kam am 27.01.2020 zum Kinostart des Films<\/p>\n<p>&#8222;Das geheime Leben der B\u00e4ume&#8220;<\/p>\n<p>nach Darmstadt.<\/p>\n<p>Unsere &#8222;BI www.pro-walderhalt&#8220; nutzte die Veranstaltung zur Information der B\u00fcrger zum Thema Wald und sammelte Unterschriften zur<\/p>\n<p><span style=\"color: #0000ff;\"><strong><a style=\"color: #0000ff;\" href=\"https:\/\/www.bundesbuergerinitiative-waldschutz.de\/petitionen-und-aktionen\/\">&#8222;Change.Org Petition&#8220;<\/a> <\/strong><\/span><\/p>\n<p>unterst\u00fctzt von F\u00f6rster Peter Wohlleben.<\/p>\n<p>an die Bundesministerin f\u00fcr Umwelt und Naturschutz Svenja Schulze und die Bundesministerin f\u00fcr Ern\u00e4hrung, Landwirtschaft und Verbraucherschutz Julia Kl\u00f6ckner<br \/>\nW\u00e4lder sind keine Holzfabriken &#8211; es reicht!!! Wir B\u00fcrger fordern ein neues Bundeswaldgesetz!<\/p>\n","protected":false},"excerpt":{"rendered":"<p>Peter Wohlleben und Mitglieder unserer BBI pro-walderhalt.de Peter Wohlleben kam am 27.01.2020 zum Kinostart des Films &#8222;Das geheime Leben der B\u00e4ume&#8220; nach Darmstadt. Unsere &#8222;BI www.pro-walderhalt&#8220; nutzte die Veranstaltung zur Information der B\u00fcrger zum Thema Wald und sammelte Unterschriften zur &#8222;Change.Org Petition&#8220; unterst\u00fctzt von F\u00f6rster Peter Wohlleben. an die Bundesministerin f\u00fcr Umwelt und Naturschutz Svenja &hellip; <\/p>\n<p class=\"link-more\"><a href=\"https:\/\/pro-walderhalt.de\/?p=534\" class=\"more-link\"><span class=\"screen-reader-text\">\u201ePeter Wohlleben in Darmstadt\u201c <\/span>weiterlesen<\/a><\/p>\n","protected":false},"author":3,"featured_media":0,"comment_status":"closed","ping_status":"closed","sticky":false,"template":"","format":"standard","meta":{"footnotes":""},"categories":[1],"tags":[],"class_list":["post-534","post","type-post","status-publish","format-standard","hentry","category-uncategorized"],"_links":{"self":[{"href":"https:\/\/pro-walderhalt.de\/index.php?rest_route=\/wp\/v2\/posts\/534","targetHints":{"allow":["GET"]}}],"collection":[{"href":"https:\/\/pro-walderhalt.de\/index.php?rest_route=\/wp\/v2\/posts"}],"about":[{"href":"https:\/\/pro-walderhalt.de\/index.php?rest_route=\/wp\/v2\/types\/post"}],"author":[{"embeddable":true,"href":"https:\/\/pro-walderhalt.de\/index.php?rest_route=\/wp\/v2\/users\/3"}],"replies":[{"embeddable":true,"href":"https:\/\/pro-walderhalt.de\/index.php?rest_route=%2Fwp%2Fv2%2Fcomments&post=534"}],"version-history":[{"count":1,"href":"https:\/\/pro-walderhalt.de\/index.php?rest_route=\/wp\/v2\/posts\/534\/revisions"}],"predecessor-version":[{"id":536,"href":"https:\/\/pro-walderhalt.de\/index.php?rest_route=\/wp\/v2\/posts\/534\/revisions\/536"}],"wp:attachment":[{"href":"https:\/\/pro-walderhalt.de\/index.php?rest_route=%2Fwp%2Fv2%2Fmedia&parent=534"}],"wp:term":[{"taxonomy":"category","embeddable":true,"href":"https:\/\/pro-walderhalt.de\/index.php?rest_route=%2Fwp%2Fv2%2Fcategories&post=534"},{"taxonomy":"post_tag","embeddable":true,"href":"https:\/\/pro-walderhalt.de\/index.php?rest_route=%2Fwp%2Fv2%2Ftags&post=534"}],"curies":[{"name":"wp","href":"https:\/\/api.w.org\/{rel}","templated":true}]}}