{"id":528,"date":"2020-01-28T12:44:48","date_gmt":"2020-01-28T12:44:48","guid":{"rendered":"http:\/\/pro-walderhalt.de\/?p=528"},"modified":"2020-01-28T12:47:40","modified_gmt":"2020-01-28T12:47:40","slug":"grossaufraeumen-nach-dem-sturm-im-rodgauer-stadtwald","status":"publish","type":"post","link":"https:\/\/pro-walderhalt.de\/?p=528","title":{"rendered":"Gro\u00dfaufr\u00e4umen nach dem Sturm im Rodgauer Stadtwald"},"content":{"rendered":"<p>In einem Artikel in der Frankfurter Rundschau wird berichtet, das tausende abgeknickte B\u00e4ume derzeit aus den Waldabteilungen rund um Rodgau entfernt werden.<\/p>\n<p><a href=\"https:\/\/www.fr.de\/rhein-main\/kreis-offenbach\/grossaufraeumen-nach-sturm-rodgauer-stadtwald-13457106.html\"><span style=\"color: #000080;\"><strong><span style=\"color: #0000ff;\">https:\/\/www.fr.de\/rhein-main\/kreis-offenbach\/grossaufraeumen-nach-sturm-rodgauer-stadtwald-13457106.html<\/span><\/strong><\/span><\/a><\/p>\n<p>Das Projekt Lusen im Bayrischen Wald ist ein positives Beispiel wie Waldpolitik aussehen kann.<\/p>\n<p><a href=\"http:\/\/franzjosefadrian.com\/facher\/nationalpark-bayerischer-wald\/\"><strong><span style=\"color: #0000ff;\">http:\/\/franzjosefadrian.com\/facher\/nationalpark-bayerischer-wald\/<\/span><\/strong><\/a><\/p>\n<p><img loading=\"lazy\" decoding=\"async\" class=\"alignnone wp-image-530\" src=\"http:\/\/pro-walderhalt.de\/wp-content\/uploads\/2020\/01\/Lusen_01-300x200.jpg\" alt=\"\" width=\"240\" height=\"160\" srcset=\"https:\/\/pro-walderhalt.de\/wp-content\/uploads\/2020\/01\/Lusen_01-300x200.jpg 300w, https:\/\/pro-walderhalt.de\/wp-content\/uploads\/2020\/01\/Lusen_01-768x512.jpg 768w, https:\/\/pro-walderhalt.de\/wp-content\/uploads\/2020\/01\/Lusen_01-1024x683.jpg 1024w, https:\/\/pro-walderhalt.de\/wp-content\/uploads\/2020\/01\/Lusen_01.jpg 1800w\" sizes=\"auto, (max-width: 240px) 100vw, 240px\" \/><img loading=\"lazy\" decoding=\"async\" class=\"alignnone wp-image-529\" src=\"http:\/\/pro-walderhalt.de\/wp-content\/uploads\/2020\/01\/Steppe_02-300x200.jpg\" alt=\"\" width=\"239\" height=\"159\" srcset=\"https:\/\/pro-walderhalt.de\/wp-content\/uploads\/2020\/01\/Steppe_02-300x200.jpg 300w, https:\/\/pro-walderhalt.de\/wp-content\/uploads\/2020\/01\/Steppe_02-768x512.jpg 768w, https:\/\/pro-walderhalt.de\/wp-content\/uploads\/2020\/01\/Steppe_02-1024x683.jpg 1024w, https:\/\/pro-walderhalt.de\/wp-content\/uploads\/2020\/01\/Steppe_02.jpg 1800w\" sizes=\"auto, (max-width: 239px) 100vw, 239px\" \/><\/p>\n<p>Ohne Kahlschlag\u00a0\u00a0\u00a0\u00a0\u00a0\u00a0\u00a0\u00a0\u00a0\u00a0\u00a0\u00a0\u00a0\u00a0\u00a0\u00a0\u00a0\u00a0\u00a0\u00a0\u00a0\u00a0\u00a0\u00a0\u00a0\u00a0\u00a0\u00a0\u00a0\u00a0\u00a0\u00a0\u00a0\u00a0\u00a0\u00a0\u00a0\u00a0\u00a0\u00a0\u00a0\u00a0\u00a0\u00a0 Mit Kahlschlag<\/p>\n<p><strong>Rodgau hat mit dem gro\u00dfen Aufr\u00e4umen nach dem Sturm die Chance f\u00fcr einen f\u00fcr die Natur und gegen den Klimawandel gerichtete Waldpolitik, verpasst. (nichts dazu gelernt)<\/strong><\/p>\n<p>Wider allen Erkenntnissen, die die alternative Forstwirtschaft bietet, werden im Rodgauer Wald nicht nur die vom Sturm betroffenen B\u00e4ume aus dem Wald entfernt, sondern auch die noch stehenden und gesunden B\u00e4ume \u00a0mit schwerem bodenzerst\u00f6renden Harvestern gef\u00e4llt. Der Firma, die die B\u00e4ume f\u00e4llt, auch noch den Verkauf auf eigene Rechnung zu \u00fcberlassen, \u00a0ist\u00a0 den \u201eBock zum G\u00e4rtner\u201c gemacht. Die Gemeinde verschenkt Ihren Wald. Jeder Kubikmeter Holz mehr, erh\u00f6ht den Gewinn des Unternehmens. Wer kann da widerstehen? In diesem Fall w\u00e4re es besser gewesen, den Rat von modernen Waldwissenschaftlern einzuholen anstatt nur auf die Empfehlungen von &#8222;Hessen Forst&#8220; zu h\u00f6ren.<\/p>\n<p>Damit entstehen Kahlschagsfl\u00e4chen, die der Sonne ungesch\u00fctzt ausgesetzt\u00a0 sind. Neuanpflanzungen brauchen aber Schatten und haben, wie in den letzten beiden Sommern, ohne die Schattenspender, keine Chance. Die alternative L\u00f6sung w\u00e4re gewesen, junge Laubb\u00e4ume im Schutze der Kiefern aufwachsen zu lassen.<\/p>\n<p>Auf der einen Seite wird gesagt, dass Kronenholz im Wald liegen bleiben soll. Im Widerspruch dazu soll erst gepflanzt werden, wenn alle Fl\u00e4chen ger\u00e4umt sind. Die Holzlesescheine sorgen daf\u00fcr, dass der B\u00fcrger denkt, er tue etwas Gutes f\u00fcr die\u00a0 Umwelt, in dem er Holz in seinem Ofen oder Kamin verbrennt, den Waldboden mit seinem Gel\u00e4ndewagen zus\u00e4tzlich sch\u00e4digt. Der B\u00fcrger macht damit das Schlimmste was man mit dem Wald machen kann, das Holz aus dem Wald direkt in den Ofen und damit ist der k\u00fcrzeste Weg von Holz in CO2 beschritten.<\/p>\n<p>Das FSC Siegel ist zu 2\/3 der Holzindustrie und der Forstwirtschaft verpflichtet und somit ein Verkaufssiegel f\u00fcr die Holzwirtschaft. Aus diesem Grund hat z.B. Greenpeace\u00a0 sich aus dieser Organisation verabschiedet.<\/p>\n<p>Totschlagsargumente, dass der Einsatz von R\u00fcckepferden lebensgef\u00e4hrlich ist, geh\u00f6ren zum Standard der traditionellen Forstwirte, die Ihr Handwerk noch mit dem Ziel der maximalen Holzerzeugung erlernt haben und sich nicht der Natur und dem Klimawandel verpflichtet f\u00fchlen. Die Politik vertraut blind diesen \u201eFachleuten\u201c, die nicht dazu bereit sind neue Erkenntnisse anzunehmen und danach zu handeln.<\/p>\n<p>In Deutschland gibt es einige Beispiele, die die Alternative Forstwirtschaft schon seit den 90-er Jahren auf mehreren Tausend ha anwendet und ihre W\u00e4lder entsprechend bewirtschaftet, z. B. L\u00fcbeck, G\u00f6ttingen und Uelzen oder die W\u00e4lder der Grafen Hatzfeldt. Auch das Projekt Lusen im Bayrischen Wald ist ein positives Beispiel wie Waldpolitik aussehen kann. Diese Forste haben die extremen Sommer 2018 und 2019 mit weniger Sch\u00e4den \u00fcberstanden als konventionell bewirtschaftete W\u00e4lder.<\/p>\n<p>Die verantwortlichen Politiker sollten sich vor solchen Entscheidungen auch mal au\u00dferhalb der gewohnten Wege kundig machen. Die Gemeinde Gro\u00df-Gerau, sieben weitere Gemeinden in Hessen und als letzte Gemeinde Hofheim im Taunus haben die Konsequenzen gezogen und haben sich von dem Dienstleister \u201eHessen Forst\u201c getrennt und gehen eigene alternative Wege in der Forstwirtschaft im Sinne von Natur und Umwelt.<\/p>\n<p>Wir wissen, wie in vielen anderen Bereichen auch, wie es besser geht, aber wir handeln nicht danach.<\/p>\n<p>G\u00fcnter Rexroth<\/p>\n","protected":false},"excerpt":{"rendered":"<p>In einem Artikel in der Frankfurter Rundschau wird berichtet, das tausende abgeknickte B\u00e4ume derzeit aus den Waldabteilungen rund um Rodgau entfernt werden. https:\/\/www.fr.de\/rhein-main\/kreis-offenbach\/grossaufraeumen-nach-sturm-rodgauer-stadtwald-13457106.html Das Projekt Lusen im Bayrischen Wald ist ein positives Beispiel wie Waldpolitik aussehen kann. http:\/\/franzjosefadrian.com\/facher\/nationalpark-bayerischer-wald\/ Ohne Kahlschlag\u00a0\u00a0\u00a0\u00a0\u00a0\u00a0\u00a0\u00a0\u00a0\u00a0\u00a0\u00a0\u00a0\u00a0\u00a0\u00a0\u00a0\u00a0\u00a0\u00a0\u00a0\u00a0\u00a0\u00a0\u00a0\u00a0\u00a0\u00a0\u00a0\u00a0\u00a0\u00a0\u00a0\u00a0\u00a0\u00a0\u00a0\u00a0\u00a0\u00a0\u00a0\u00a0\u00a0\u00a0 Mit Kahlschlag Rodgau hat mit dem gro\u00dfen Aufr\u00e4umen nach dem Sturm die Chance f\u00fcr einen &hellip; <\/p>\n<p class=\"link-more\"><a href=\"https:\/\/pro-walderhalt.de\/?p=528\" class=\"more-link\"><span class=\"screen-reader-text\">\u201eGro\u00dfaufr\u00e4umen nach dem Sturm im Rodgauer Stadtwald\u201c <\/span>weiterlesen<\/a><\/p>\n","protected":false},"author":3,"featured_media":0,"comment_status":"closed","ping_status":"closed","sticky":false,"template":"","format":"standard","meta":{"footnotes":""},"categories":[1],"tags":[],"class_list":["post-528","post","type-post","status-publish","format-standard","hentry","category-uncategorized"],"_links":{"self":[{"href":"https:\/\/pro-walderhalt.de\/index.php?rest_route=\/wp\/v2\/posts\/528","targetHints":{"allow":["GET"]}}],"collection":[{"href":"https:\/\/pro-walderhalt.de\/index.php?rest_route=\/wp\/v2\/posts"}],"about":[{"href":"https:\/\/pro-walderhalt.de\/index.php?rest_route=\/wp\/v2\/types\/post"}],"author":[{"embeddable":true,"href":"https:\/\/pro-walderhalt.de\/index.php?rest_route=\/wp\/v2\/users\/3"}],"replies":[{"embeddable":true,"href":"https:\/\/pro-walderhalt.de\/index.php?rest_route=%2Fwp%2Fv2%2Fcomments&post=528"}],"version-history":[{"count":3,"href":"https:\/\/pro-walderhalt.de\/index.php?rest_route=\/wp\/v2\/posts\/528\/revisions"}],"predecessor-version":[{"id":533,"href":"https:\/\/pro-walderhalt.de\/index.php?rest_route=\/wp\/v2\/posts\/528\/revisions\/533"}],"wp:attachment":[{"href":"https:\/\/pro-walderhalt.de\/index.php?rest_route=%2Fwp%2Fv2%2Fmedia&parent=528"}],"wp:term":[{"taxonomy":"category","embeddable":true,"href":"https:\/\/pro-walderhalt.de\/index.php?rest_route=%2Fwp%2Fv2%2Fcategories&post=528"},{"taxonomy":"post_tag","embeddable":true,"href":"https:\/\/pro-walderhalt.de\/index.php?rest_route=%2Fwp%2Fv2%2Ftags&post=528"}],"curies":[{"name":"wp","href":"https:\/\/api.w.org\/{rel}","templated":true}]}}