{"id":477,"date":"2019-08-16T10:24:15","date_gmt":"2019-08-16T10:24:15","guid":{"rendered":"http:\/\/pro-walderhalt.de\/?p=477"},"modified":"2021-10-22T14:17:58","modified_gmt":"2021-10-22T14:17:58","slug":"der-duestere-ostwald-und-die-verantwortung-von-hessen-forst","status":"publish","type":"post","link":"https:\/\/pro-walderhalt.de\/?p=477","title":{"rendered":"Der d\u00fcstere Ostwald und die Verantwortung von Hessen Forst"},"content":{"rendered":"<p>Peter Fischer schreibt, in seinem Leserbrief, erschienen im Darmst\u00e4dter Echo am 06.06.2019 Seite 10: Raubbau<\/p>\n<p><span style=\"color: #0000ff;\"><strong><a style=\"color: #0000ff;\" href=\"http:\/\/pro-walderhalt.de\/wp-content\/uploads\/2019\/08\/Unbenannte-Anlage-00010.pdf\">2019.05.28 Darmst\u00e4dter Echo Lerbrief zum Darmst\u00e4dter Ostwald (DE)25.05.2019)<\/a><\/strong><\/span><\/p>\n","protected":false},"excerpt":{"rendered":"<p>Peter Fischer schreibt, in seinem Leserbrief, erschienen im Darmst\u00e4dter Echo am 06.06.2019 Seite 10: Raubbau 2019.05.28 Darmst\u00e4dter Echo Lerbrief zum Darmst\u00e4dter Ostwald (DE)25.05.2019)<\/p>\n","protected":false},"author":3,"featured_media":0,"comment_status":"closed","ping_status":"closed","sticky":false,"template":"","format":"standard","meta":{"footnotes":""},"categories":[1],"tags":[],"class_list":["post-477","post","type-post","status-publish","format-standard","hentry","category-uncategorized"],"_links":{"self":[{"href":"https:\/\/pro-walderhalt.de\/index.php?rest_route=\/wp\/v2\/posts\/477","targetHints":{"allow":["GET"]}}],"collection":[{"href":"https:\/\/pro-walderhalt.de\/index.php?rest_route=\/wp\/v2\/posts"}],"about":[{"href":"https:\/\/pro-walderhalt.de\/index.php?rest_route=\/wp\/v2\/types\/post"}],"author":[{"embeddable":true,"href":"https:\/\/pro-walderhalt.de\/index.php?rest_route=\/wp\/v2\/users\/3"}],"replies":[{"embeddable":true,"href":"https:\/\/pro-walderhalt.de\/index.php?rest_route=%2Fwp%2Fv2%2Fcomments&post=477"}],"version-history":[{"count":3,"href":"https:\/\/pro-walderhalt.de\/index.php?rest_route=\/wp\/v2\/posts\/477\/revisions"}],"predecessor-version":[{"id":778,"href":"https:\/\/pro-walderhalt.de\/index.php?rest_route=\/wp\/v2\/posts\/477\/revisions\/778"}],"wp:attachment":[{"href":"https:\/\/pro-walderhalt.de\/index.php?rest_route=%2Fwp%2Fv2%2Fmedia&parent=477"}],"wp:term":[{"taxonomy":"category","embeddable":true,"href":"https:\/\/pro-walderhalt.de\/index.php?rest_route=%2Fwp%2Fv2%2Fcategories&post=477"},{"taxonomy":"post_tag","embeddable":true,"href":"https:\/\/pro-walderhalt.de\/index.php?rest_route=%2Fwp%2Fv2%2Ftags&post=477"}],"curies":[{"name":"wp","href":"https:\/\/api.w.org\/{rel}","templated":true}]}}