{"id":46,"date":"2018-02-28T10:44:20","date_gmt":"2018-02-28T10:44:20","guid":{"rendered":"http:\/\/pro-walderhalt.de\/?p=46"},"modified":"2019-02-20T18:40:54","modified_gmt":"2019-02-20T18:40:54","slug":"sonderaudit-lampertheim-darmstadt-am-24-02-18-05-2017","status":"publish","type":"post","link":"https:\/\/pro-walderhalt.de\/?p=46","title":{"rendered":"Sonderaudit Lampertheim-Darmstadt, am 24.02\/18.05.2017"},"content":{"rendered":"<p>Der Bericht vom Sonderaudit Lampertheim-Darmstadt, der am 24.02. und am 18.05.2017 durch IMO Swiss durchgef\u00fchrt wurde, ist uns am 19.09.2017 zugegangen.<\/p>\n<p>Er ist auf<\/p>\n<p><a href=\"http:\/\/fsc.force.com\/servlet\/servlet.FileDownload?file=00Pf300000ozfYgEAI\">http:\/\/fsc.force.com\/servlet\/servlet.FileDownload?file=00Pf300000ozfYgEAI<\/a><\/p>\n<p>ver\u00f6ffentlicht.<\/p>\n<p>Grundlage f\u00fcr das Sonderaudit in Darmstadt war unsere\u00a0<strong><a href=\"http:\/\/pro-walderhalt.de\/wp-content\/uploads\/2018\/02\/PraesentationBI240217.pdf\">PraesentationBI240217<\/a> <\/strong><\/p>\n<p>Unsere\u00a0<a href=\"http:\/\/pro-walderhalt.de\/wp-content\/uploads\/2018\/02\/DAKommentar.pdf\"><strong>DAKommentar<\/strong><\/a> zu den Ergebnissen des Sonderaudits<\/p>\n<p><strong><u>Unser Fazit nach dieser Evaluierung ist:<\/u><\/strong><\/p>\n<p>Die internationalen FSC- Vorgaben sind, aus unserer Sicht, nur eingeschr\u00e4nkt, auf unseren heimischen Wald, anwendbar.<\/p>\n<p>Die in Deutschland praktizierte Forstwirtschaft, Natur, Naherholung und Holzproduktion in Einklang zu bringen, ist aus unserer Sicht, zum Scheitern verurteilt.<\/p>\n<p>Es muss dar\u00fcber nachgedacht werden, die Waldfl\u00e4chen, die noch erhaltenswert sind und die W\u00e4lder in Ballungsgebieten, die vorrangig der Bev\u00f6lkerung zur Naherholung dienen, als Naturparks auszuweisen und aus der Holzproduktion herauszunehmen. Damit kann erreicht werden, dass in diesen W\u00e4ldern vorrangig die Natur und die Biodiversit\u00e4t gef\u00f6rdert wird.<\/p>\n","protected":false},"excerpt":{"rendered":"<p>Der Bericht vom Sonderaudit Lampertheim-Darmstadt, der am 24.02. und am 18.05.2017 durch IMO Swiss durchgef\u00fchrt wurde, ist uns am 19.09.2017 zugegangen. Er ist auf http:\/\/fsc.force.com\/servlet\/servlet.FileDownload?file=00Pf300000ozfYgEAI ver\u00f6ffentlicht. Grundlage f\u00fcr das Sonderaudit in Darmstadt war unsere\u00a0PraesentationBI240217 Unsere\u00a0DAKommentar zu den Ergebnissen des Sonderaudits Unser Fazit nach dieser Evaluierung ist: Die internationalen FSC- Vorgaben sind, aus unserer Sicht, nur &hellip; <\/p>\n<p class=\"link-more\"><a href=\"https:\/\/pro-walderhalt.de\/?p=46\" class=\"more-link\"><span class=\"screen-reader-text\">\u201eSonderaudit Lampertheim-Darmstadt, am 24.02\/18.05.2017\u201c <\/span>weiterlesen<\/a><\/p>\n","protected":false},"author":3,"featured_media":0,"comment_status":"closed","ping_status":"closed","sticky":false,"template":"","format":"standard","meta":{"footnotes":""},"categories":[1],"tags":[],"class_list":["post-46","post","type-post","status-publish","format-standard","hentry","category-uncategorized"],"_links":{"self":[{"href":"https:\/\/pro-walderhalt.de\/index.php?rest_route=\/wp\/v2\/posts\/46","targetHints":{"allow":["GET"]}}],"collection":[{"href":"https:\/\/pro-walderhalt.de\/index.php?rest_route=\/wp\/v2\/posts"}],"about":[{"href":"https:\/\/pro-walderhalt.de\/index.php?rest_route=\/wp\/v2\/types\/post"}],"author":[{"embeddable":true,"href":"https:\/\/pro-walderhalt.de\/index.php?rest_route=\/wp\/v2\/users\/3"}],"replies":[{"embeddable":true,"href":"https:\/\/pro-walderhalt.de\/index.php?rest_route=%2Fwp%2Fv2%2Fcomments&post=46"}],"version-history":[{"count":2,"href":"https:\/\/pro-walderhalt.de\/index.php?rest_route=\/wp\/v2\/posts\/46\/revisions"}],"predecessor-version":[{"id":50,"href":"https:\/\/pro-walderhalt.de\/index.php?rest_route=\/wp\/v2\/posts\/46\/revisions\/50"}],"wp:attachment":[{"href":"https:\/\/pro-walderhalt.de\/index.php?rest_route=%2Fwp%2Fv2%2Fmedia&parent=46"}],"wp:term":[{"taxonomy":"category","embeddable":true,"href":"https:\/\/pro-walderhalt.de\/index.php?rest_route=%2Fwp%2Fv2%2Fcategories&post=46"},{"taxonomy":"post_tag","embeddable":true,"href":"https:\/\/pro-walderhalt.de\/index.php?rest_route=%2Fwp%2Fv2%2Ftags&post=46"}],"curies":[{"name":"wp","href":"https:\/\/api.w.org\/{rel}","templated":true}]}}