{"id":446,"date":"2019-06-24T10:19:36","date_gmt":"2019-06-24T10:19:36","guid":{"rendered":"http:\/\/pro-walderhalt.de\/?p=446"},"modified":"2019-08-14T11:39:41","modified_gmt":"2019-08-14T11:39:41","slug":"uebergabe-der-patenschaft-eines-methusalembaums-an-karin-muehlenbock","status":"publish","type":"post","link":"https:\/\/pro-walderhalt.de\/?p=446","title":{"rendered":"\u00dcbergabe der Patenschaft eines Methusalembaums an Karin M\u00fchlenbock"},"content":{"rendered":"<p>Die feierliche \u00dcbergabe des Methusalembaums organisierten F\u00f6rster Menzel aus Ro\u00dfdorf und Ronny Kolb, Forstamtsleiter aus Dieburg, auch der B\u00fcrgermeister von M\u00fchltal Willi Muth, z\u00e4hlte zu den Gratulanten.<\/p>\n<p>Ich hatte einst ein sch\u00f6nes Vaterland.<br \/>\nDer Eichenbaum<br \/>\nwuchs dort so hoch, die Veilchen nickten sanft.<br \/>\nEs war ein Traum.<br \/>\nEs k\u00fc\u00dfte mich auf deutsch, und sprach auf deutsch<br \/>\n(Man glaubt es kaum,<br \/>\nwie gut es klang) das Wort: \u201eIch liebe dich!\u201c<br \/>\nEs war ein Traum.<\/p>\n<p>\u00dcber dieses kurze Gedicht des gro\u00dfen Dichters Heinrich Heine sagte der Literaturkritiker Marcel Reich-Ranicki einmal, es sei gleichzeitig das romantischte und das politischte Gedicht, das er kenne.<\/p>\n<p>Es ist der Traum von einem demokratischen und menschlichen Vaterland, erf\u00fcllt von zwischenmenschlicher Liebe und Liebe zur Natur \u2013 bis heute unerf\u00fcllt.<\/p>\n<p><span style=\"color: #0000ff;\"><strong><a style=\"color: #0000ff;\" href=\"https:\/\/nabu-seeheim.de\/methusalem-baum\/\">https:\/\/nabu-seeheim.de\/methusalem-baum\/<\/a><\/strong><\/span><\/p>\n","protected":false},"excerpt":{"rendered":"<p>Die feierliche \u00dcbergabe des Methusalembaums organisierten F\u00f6rster Menzel aus Ro\u00dfdorf und Ronny Kolb, Forstamtsleiter aus Dieburg, auch der B\u00fcrgermeister von M\u00fchltal Willi Muth, z\u00e4hlte zu den Gratulanten. Ich hatte einst ein sch\u00f6nes Vaterland. Der Eichenbaum wuchs dort so hoch, die Veilchen nickten sanft. Es war ein Traum. Es k\u00fc\u00dfte mich auf deutsch, und sprach auf &hellip; <\/p>\n<p class=\"link-more\"><a href=\"https:\/\/pro-walderhalt.de\/?p=446\" class=\"more-link\"><span class=\"screen-reader-text\">\u201e\u00dcbergabe der Patenschaft eines Methusalembaums an Karin M\u00fchlenbock\u201c <\/span>weiterlesen<\/a><\/p>\n","protected":false},"author":3,"featured_media":0,"comment_status":"closed","ping_status":"closed","sticky":false,"template":"","format":"standard","meta":{"footnotes":""},"categories":[1],"tags":[],"class_list":["post-446","post","type-post","status-publish","format-standard","hentry","category-uncategorized"],"_links":{"self":[{"href":"https:\/\/pro-walderhalt.de\/index.php?rest_route=\/wp\/v2\/posts\/446","targetHints":{"allow":["GET"]}}],"collection":[{"href":"https:\/\/pro-walderhalt.de\/index.php?rest_route=\/wp\/v2\/posts"}],"about":[{"href":"https:\/\/pro-walderhalt.de\/index.php?rest_route=\/wp\/v2\/types\/post"}],"author":[{"embeddable":true,"href":"https:\/\/pro-walderhalt.de\/index.php?rest_route=\/wp\/v2\/users\/3"}],"replies":[{"embeddable":true,"href":"https:\/\/pro-walderhalt.de\/index.php?rest_route=%2Fwp%2Fv2%2Fcomments&post=446"}],"version-history":[{"count":3,"href":"https:\/\/pro-walderhalt.de\/index.php?rest_route=\/wp\/v2\/posts\/446\/revisions"}],"predecessor-version":[{"id":475,"href":"https:\/\/pro-walderhalt.de\/index.php?rest_route=\/wp\/v2\/posts\/446\/revisions\/475"}],"wp:attachment":[{"href":"https:\/\/pro-walderhalt.de\/index.php?rest_route=%2Fwp%2Fv2%2Fmedia&parent=446"}],"wp:term":[{"taxonomy":"category","embeddable":true,"href":"https:\/\/pro-walderhalt.de\/index.php?rest_route=%2Fwp%2Fv2%2Fcategories&post=446"},{"taxonomy":"post_tag","embeddable":true,"href":"https:\/\/pro-walderhalt.de\/index.php?rest_route=%2Fwp%2Fv2%2Ftags&post=446"}],"curies":[{"name":"wp","href":"https:\/\/api.w.org\/{rel}","templated":true}]}}