{"id":271,"date":"2018-10-02T20:22:18","date_gmt":"2018-10-02T20:22:18","guid":{"rendered":"http:\/\/pro-walderhalt.de\/?p=271"},"modified":"2019-02-20T18:38:42","modified_gmt":"2019-02-20T18:38:42","slug":"umwelttage-in-darmstadt-brief-an-die-hessische-umweltministerin-priska-hinz","status":"publish","type":"post","link":"https:\/\/pro-walderhalt.de\/?p=271","title":{"rendered":"Umwelttage in Darmstadt, Brief an die Hessische Umweltministerin Priska Hinz"},"content":{"rendered":"<p>Unsere BI &#8222;pro-walderhalt.de&#8220; hatte sich bei den Umwelttagen in Darmstadt beteiligt. Karin M\u00fchlenbock \u00fcbergab, am Er\u00f6ffnungstag, der Umweltministerin von Hessen Priska Hinz, einen Brief zum Thema trockerner Sommer 2018.\u00a0<span style=\"color: #0000ff;\"> <a style=\"color: #0000ff;\" href=\"http:\/\/pro-walderhalt.de\/wp-content\/uploads\/2018\/10\/Brief-an-Priska-Hinz.pdf\"><strong>Brief an Priska Hinz<\/strong><\/a><\/span><\/p>\n<p>Die Ministerin antwortete. <a href=\"http:\/\/pro-walderhalt.de\/wp-content\/uploads\/2018\/10\/Antwort-von-Priska-Hinz.pdf\"><strong><span style=\"color: #0000ff;\">Antwort von Priska Hinz<\/span><\/strong><\/a><\/p>\n<p>&nbsp;<\/p>\n","protected":false},"excerpt":{"rendered":"<p>Unsere BI &#8222;pro-walderhalt.de&#8220; hatte sich bei den Umwelttagen in Darmstadt beteiligt. Karin M\u00fchlenbock \u00fcbergab, am Er\u00f6ffnungstag, der Umweltministerin von Hessen Priska Hinz, einen Brief zum Thema trockerner Sommer 2018.\u00a0 Brief an Priska Hinz Die Ministerin antwortete. Antwort von Priska Hinz &nbsp;<\/p>\n","protected":false},"author":3,"featured_media":0,"comment_status":"closed","ping_status":"closed","sticky":false,"template":"","format":"standard","meta":{"footnotes":""},"categories":[1],"tags":[],"class_list":["post-271","post","type-post","status-publish","format-standard","hentry","category-uncategorized"],"_links":{"self":[{"href":"https:\/\/pro-walderhalt.de\/index.php?rest_route=\/wp\/v2\/posts\/271","targetHints":{"allow":["GET"]}}],"collection":[{"href":"https:\/\/pro-walderhalt.de\/index.php?rest_route=\/wp\/v2\/posts"}],"about":[{"href":"https:\/\/pro-walderhalt.de\/index.php?rest_route=\/wp\/v2\/types\/post"}],"author":[{"embeddable":true,"href":"https:\/\/pro-walderhalt.de\/index.php?rest_route=\/wp\/v2\/users\/3"}],"replies":[{"embeddable":true,"href":"https:\/\/pro-walderhalt.de\/index.php?rest_route=%2Fwp%2Fv2%2Fcomments&post=271"}],"version-history":[{"count":3,"href":"https:\/\/pro-walderhalt.de\/index.php?rest_route=\/wp\/v2\/posts\/271\/revisions"}],"predecessor-version":[{"id":276,"href":"https:\/\/pro-walderhalt.de\/index.php?rest_route=\/wp\/v2\/posts\/271\/revisions\/276"}],"wp:attachment":[{"href":"https:\/\/pro-walderhalt.de\/index.php?rest_route=%2Fwp%2Fv2%2Fmedia&parent=271"}],"wp:term":[{"taxonomy":"category","embeddable":true,"href":"https:\/\/pro-walderhalt.de\/index.php?rest_route=%2Fwp%2Fv2%2Fcategories&post=271"},{"taxonomy":"post_tag","embeddable":true,"href":"https:\/\/pro-walderhalt.de\/index.php?rest_route=%2Fwp%2Fv2%2Ftags&post=271"}],"curies":[{"name":"wp","href":"https:\/\/api.w.org\/{rel}","templated":true}]}}