{"id":231,"date":"2018-08-05T15:52:30","date_gmt":"2018-08-05T15:52:30","guid":{"rendered":"http:\/\/pro-walderhalt.de\/?p=231"},"modified":"2019-02-20T18:39:12","modified_gmt":"2019-02-20T18:39:12","slug":"alles-oekowald-schoen-waers","status":"publish","type":"post","link":"https:\/\/pro-walderhalt.de\/?p=231","title":{"rendered":"Alles \u00d6kowald? Sch\u00f6n w\u00e4r\u2019s!"},"content":{"rendered":"<p>&nbsp;<\/p>\n<p>Im Darmst\u00e4dter Echo erschien am 01.08.2018 der Artikel<\/p>\n<p><strong>&#8222;Hessen Forst ist jetzt zu 100% \u00d6kowald&#8220;\u00a0<\/strong><\/p>\n<p>Zur Beg\u00fcndung wird die Zertifizierung nach FSC herangezogen.<\/p>\n<p><img loading=\"lazy\" decoding=\"async\" class=\"alignnone wp-image-232\" src=\"http:\/\/pro-walderhalt.de\/wp-content\/uploads\/2018\/08\/Echo-vom-01.08.2018-300x144.jpg\" alt=\"\" width=\"775\" height=\"372\" srcset=\"https:\/\/pro-walderhalt.de\/wp-content\/uploads\/2018\/08\/Echo-vom-01.08.2018-300x144.jpg 300w, https:\/\/pro-walderhalt.de\/wp-content\/uploads\/2018\/08\/Echo-vom-01.08.2018-768x369.jpg 768w, https:\/\/pro-walderhalt.de\/wp-content\/uploads\/2018\/08\/Echo-vom-01.08.2018-1024x492.jpg 1024w\" sizes=\"auto, (max-width: 767px) 89vw, (max-width: 1000px) 54vw, (max-width: 1071px) 543px, 580px\" \/><\/p>\n<p>In dem <span style=\"color: #000080;\"><strong><a style=\"color: #000080;\" href=\"http:\/\/pro-walderhalt.de\/wp-content\/uploads\/2018\/08\/Kommentar-O\u0308kowald-DE-201808.pdf\">Kommentar O\u0308kowald DE 201808<\/a><\/strong><\/span><\/p>\n<p>widerspricht der Forstwissenschaftler Martin Bertram.<\/p>\n","protected":false},"excerpt":{"rendered":"<p>&nbsp; Im Darmst\u00e4dter Echo erschien am 01.08.2018 der Artikel &#8222;Hessen Forst ist jetzt zu 100% \u00d6kowald&#8220;\u00a0 Zur Beg\u00fcndung wird die Zertifizierung nach FSC herangezogen. In dem Kommentar O\u0308kowald DE 201808 widerspricht der Forstwissenschaftler Martin Bertram.<\/p>\n","protected":false},"author":3,"featured_media":0,"comment_status":"closed","ping_status":"closed","sticky":false,"template":"","format":"standard","meta":{"footnotes":""},"categories":[1],"tags":[],"class_list":["post-231","post","type-post","status-publish","format-standard","hentry","category-uncategorized"],"_links":{"self":[{"href":"https:\/\/pro-walderhalt.de\/index.php?rest_route=\/wp\/v2\/posts\/231","targetHints":{"allow":["GET"]}}],"collection":[{"href":"https:\/\/pro-walderhalt.de\/index.php?rest_route=\/wp\/v2\/posts"}],"about":[{"href":"https:\/\/pro-walderhalt.de\/index.php?rest_route=\/wp\/v2\/types\/post"}],"author":[{"embeddable":true,"href":"https:\/\/pro-walderhalt.de\/index.php?rest_route=\/wp\/v2\/users\/3"}],"replies":[{"embeddable":true,"href":"https:\/\/pro-walderhalt.de\/index.php?rest_route=%2Fwp%2Fv2%2Fcomments&post=231"}],"version-history":[{"count":1,"href":"https:\/\/pro-walderhalt.de\/index.php?rest_route=\/wp\/v2\/posts\/231\/revisions"}],"predecessor-version":[{"id":234,"href":"https:\/\/pro-walderhalt.de\/index.php?rest_route=\/wp\/v2\/posts\/231\/revisions\/234"}],"wp:attachment":[{"href":"https:\/\/pro-walderhalt.de\/index.php?rest_route=%2Fwp%2Fv2%2Fmedia&parent=231"}],"wp:term":[{"taxonomy":"category","embeddable":true,"href":"https:\/\/pro-walderhalt.de\/index.php?rest_route=%2Fwp%2Fv2%2Fcategories&post=231"},{"taxonomy":"post_tag","embeddable":true,"href":"https:\/\/pro-walderhalt.de\/index.php?rest_route=%2Fwp%2Fv2%2Ftags&post=231"}],"curies":[{"name":"wp","href":"https:\/\/api.w.org\/{rel}","templated":true}]}}