{"id":1221,"date":"2023-07-15T13:09:17","date_gmt":"2023-07-15T13:09:17","guid":{"rendered":"https:\/\/pro-walderhalt.de\/?p=1221"},"modified":"2023-07-15T13:09:17","modified_gmt":"2023-07-15T13:09:17","slug":"eisspeicher-als-bestandteil-der-energiewende","status":"publish","type":"post","link":"https:\/\/pro-walderhalt.de\/?p=1221","title":{"rendered":"Eisspeicher als Bestandteil der Energiewende"},"content":{"rendered":"<h2>Heizen und k\u00fchlen mit dem Eisspeicher m\u00f6glich<\/h2>\n<p><a href=\"http:\/\/pro-walderhalt.de\/wp-content\/uploads\/2023\/07\/2023-06-30_Praesentaion-Eisspeicher-MS.pdf\">Pr\u00e4sentation \u2013 W\u00e4rmebereitsstellung mit Eisspeichertechnologie<\/a><\/p>\n","protected":false},"excerpt":{"rendered":"<p>Heizen und k\u00fchlen mit dem Eisspeicher m\u00f6glich Pr\u00e4sentation \u2013 W\u00e4rmebereitsstellung mit Eisspeichertechnologie<\/p>\n","protected":false},"author":3,"featured_media":0,"comment_status":"closed","ping_status":"closed","sticky":false,"template":"","format":"standard","meta":{"footnotes":""},"categories":[1],"tags":[],"class_list":["post-1221","post","type-post","status-publish","format-standard","hentry","category-uncategorized"],"_links":{"self":[{"href":"https:\/\/pro-walderhalt.de\/index.php?rest_route=\/wp\/v2\/posts\/1221","targetHints":{"allow":["GET"]}}],"collection":[{"href":"https:\/\/pro-walderhalt.de\/index.php?rest_route=\/wp\/v2\/posts"}],"about":[{"href":"https:\/\/pro-walderhalt.de\/index.php?rest_route=\/wp\/v2\/types\/post"}],"author":[{"embeddable":true,"href":"https:\/\/pro-walderhalt.de\/index.php?rest_route=\/wp\/v2\/users\/3"}],"replies":[{"embeddable":true,"href":"https:\/\/pro-walderhalt.de\/index.php?rest_route=%2Fwp%2Fv2%2Fcomments&post=1221"}],"version-history":[{"count":1,"href":"https:\/\/pro-walderhalt.de\/index.php?rest_route=\/wp\/v2\/posts\/1221\/revisions"}],"predecessor-version":[{"id":1223,"href":"https:\/\/pro-walderhalt.de\/index.php?rest_route=\/wp\/v2\/posts\/1221\/revisions\/1223"}],"wp:attachment":[{"href":"https:\/\/pro-walderhalt.de\/index.php?rest_route=%2Fwp%2Fv2%2Fmedia&parent=1221"}],"wp:term":[{"taxonomy":"category","embeddable":true,"href":"https:\/\/pro-walderhalt.de\/index.php?rest_route=%2Fwp%2Fv2%2Fcategories&post=1221"},{"taxonomy":"post_tag","embeddable":true,"href":"https:\/\/pro-walderhalt.de\/index.php?rest_route=%2Fwp%2Fv2%2Ftags&post=1221"}],"curies":[{"name":"wp","href":"https:\/\/api.w.org\/{rel}","templated":true}]}}