{"id":1194,"date":"2023-03-21T00:02:46","date_gmt":"2023-03-21T00:02:46","guid":{"rendered":"https:\/\/pro-walderhalt.de\/?p=1194"},"modified":"2023-03-20T23:12:42","modified_gmt":"2023-03-20T23:12:42","slug":"der-wald-erwacht","status":"publish","type":"post","link":"https:\/\/pro-walderhalt.de\/?p=1194","title":{"rendered":"Der Wald erwacht!"},"content":{"rendered":"<h1>Wie W\u00e4lder unser Klima retten k\u00f6nnen<\/h1>\n<h2>Webinar am 21. M\u00e4rz 2023, um 19:00 Uhr<\/h2>\n<h3>mit Peter Wohlleben (F\u00f6rster und Autor),<\/h3>\n<h3>Prof. Pierre Ibisch (Biologe und Professor f\u00fcr \u201eNature Conservation\u201c an der Hochschule Eberswalde),<\/h3>\n<h3>Jutta Paulus (Mitglied des Europ\u00e4ischen Parlaments)<\/h3>\n<blockquote><p>Ein Wald darf nicht nur die Ansammlung von B\u00e4umen sein! Um uns bei der L\u00f6sung der vielen menschengemachten Krisen zu helfen, brauchen wir auch stabile Wald\u00f6kosysteme. Deshalb nimmt der Wald &#8211; neben Mooren und Gew\u00e4ssern &#8211; eine prominente Stellung beim geplanten EU-Gesetz zur Rettung der Natur ein. \u00dcber den Zweck und die Notwendigkeit von Renaturierung und \u00fcber die Gr\u00fcnen Ans\u00e4tzen zu gesunden W\u00e4ldern sprechen am Tag des Waldes.<\/p><\/blockquote>\n<h4>Hier zur Registrierung:<\/h4>\n<p><a href=\"https:\/\/us02web.zoom.us\/webinar\/register\/WN_uf019gJvSsScWEibzfd55g\">https:\/\/us02web.zoom.us\/webinar\/register\/WN_uf019gJvSsScWEibzfd55g<\/a><\/p>\n","protected":false},"excerpt":{"rendered":"<p>Wie W\u00e4lder unser Klima retten k\u00f6nnen Webinar am 21. M\u00e4rz 2023, um 19:00 Uhr mit Peter Wohlleben (F\u00f6rster und Autor), Prof. Pierre Ibisch (Biologe und Professor f\u00fcr \u201eNature Conservation\u201c an der Hochschule Eberswalde), Jutta Paulus (Mitglied des Europ\u00e4ischen Parlaments) Ein Wald darf nicht nur die Ansammlung von B\u00e4umen sein! Um uns bei der L\u00f6sung der &hellip; <\/p>\n<p class=\"link-more\"><a href=\"https:\/\/pro-walderhalt.de\/?p=1194\" class=\"more-link\"><span class=\"screen-reader-text\">\u201eDer Wald erwacht!\u201c <\/span>weiterlesen<\/a><\/p>\n","protected":false},"author":3,"featured_media":0,"comment_status":"closed","ping_status":"closed","sticky":false,"template":"","format":"standard","meta":{"footnotes":""},"categories":[1],"tags":[],"class_list":["post-1194","post","type-post","status-publish","format-standard","hentry","category-uncategorized"],"_links":{"self":[{"href":"https:\/\/pro-walderhalt.de\/index.php?rest_route=\/wp\/v2\/posts\/1194","targetHints":{"allow":["GET"]}}],"collection":[{"href":"https:\/\/pro-walderhalt.de\/index.php?rest_route=\/wp\/v2\/posts"}],"about":[{"href":"https:\/\/pro-walderhalt.de\/index.php?rest_route=\/wp\/v2\/types\/post"}],"author":[{"embeddable":true,"href":"https:\/\/pro-walderhalt.de\/index.php?rest_route=\/wp\/v2\/users\/3"}],"replies":[{"embeddable":true,"href":"https:\/\/pro-walderhalt.de\/index.php?rest_route=%2Fwp%2Fv2%2Fcomments&post=1194"}],"version-history":[{"count":1,"href":"https:\/\/pro-walderhalt.de\/index.php?rest_route=\/wp\/v2\/posts\/1194\/revisions"}],"predecessor-version":[{"id":1195,"href":"https:\/\/pro-walderhalt.de\/index.php?rest_route=\/wp\/v2\/posts\/1194\/revisions\/1195"}],"wp:attachment":[{"href":"https:\/\/pro-walderhalt.de\/index.php?rest_route=%2Fwp%2Fv2%2Fmedia&parent=1194"}],"wp:term":[{"taxonomy":"category","embeddable":true,"href":"https:\/\/pro-walderhalt.de\/index.php?rest_route=%2Fwp%2Fv2%2Fcategories&post=1194"},{"taxonomy":"post_tag","embeddable":true,"href":"https:\/\/pro-walderhalt.de\/index.php?rest_route=%2Fwp%2Fv2%2Ftags&post=1194"}],"curies":[{"name":"wp","href":"https:\/\/api.w.org\/{rel}","templated":true}]}}