{"id":1162,"date":"2022-12-23T21:27:19","date_gmt":"2022-12-23T21:27:19","guid":{"rendered":"http:\/\/pro-walderhalt.de\/?p=1162"},"modified":"2022-12-23T21:27:19","modified_gmt":"2022-12-23T21:27:19","slug":"weihnachtsgruesse-und-neujahrswuensche-fuer-2023","status":"publish","type":"post","link":"https:\/\/pro-walderhalt.de\/?p=1162","title":{"rendered":"Weihnachtsgr\u00fc\u00dfe und Neujahrsw\u00fcnsche f\u00fcr 2023"},"content":{"rendered":"<p>Liebe Waldsch\u00fctzer\/innen,<\/p>\n<p>wir w\u00fcnschen Allen ein friedliches Weihnachtsfest und ein gutes 2023!<\/p>\n<p>Hoffen wir, dass auch bei den Waldbewirtschaftern m\u00f6glichst bald die Einsicht gedeiht,\u00a0unsere B\u00fcrgerw\u00e4lder nicht nur als Holzacker zu begreifen.<\/p>\n<p>Holzernte ja, aber mit Umsicht und Verst\u00e4ndnis f\u00fcr die Naturzusammenh\u00e4nge.<\/p>\n<p>Frohe Weihnachten!<\/p>\n<p>Karin M\u00fchlenbock<\/p>\n","protected":false},"excerpt":{"rendered":"<p>Liebe Waldsch\u00fctzer\/innen, wir w\u00fcnschen Allen ein friedliches Weihnachtsfest und ein gutes 2023! Hoffen wir, dass auch bei den Waldbewirtschaftern m\u00f6glichst bald die Einsicht gedeiht,\u00a0unsere B\u00fcrgerw\u00e4lder nicht nur als Holzacker zu begreifen. Holzernte ja, aber mit Umsicht und Verst\u00e4ndnis f\u00fcr die Naturzusammenh\u00e4nge. Frohe Weihnachten! Karin M\u00fchlenbock<\/p>\n","protected":false},"author":3,"featured_media":0,"comment_status":"closed","ping_status":"closed","sticky":false,"template":"","format":"standard","meta":{"footnotes":""},"categories":[1],"tags":[],"class_list":["post-1162","post","type-post","status-publish","format-standard","hentry","category-uncategorized"],"_links":{"self":[{"href":"https:\/\/pro-walderhalt.de\/index.php?rest_route=\/wp\/v2\/posts\/1162","targetHints":{"allow":["GET"]}}],"collection":[{"href":"https:\/\/pro-walderhalt.de\/index.php?rest_route=\/wp\/v2\/posts"}],"about":[{"href":"https:\/\/pro-walderhalt.de\/index.php?rest_route=\/wp\/v2\/types\/post"}],"author":[{"embeddable":true,"href":"https:\/\/pro-walderhalt.de\/index.php?rest_route=\/wp\/v2\/users\/3"}],"replies":[{"embeddable":true,"href":"https:\/\/pro-walderhalt.de\/index.php?rest_route=%2Fwp%2Fv2%2Fcomments&post=1162"}],"version-history":[{"count":1,"href":"https:\/\/pro-walderhalt.de\/index.php?rest_route=\/wp\/v2\/posts\/1162\/revisions"}],"predecessor-version":[{"id":1163,"href":"https:\/\/pro-walderhalt.de\/index.php?rest_route=\/wp\/v2\/posts\/1162\/revisions\/1163"}],"wp:attachment":[{"href":"https:\/\/pro-walderhalt.de\/index.php?rest_route=%2Fwp%2Fv2%2Fmedia&parent=1162"}],"wp:term":[{"taxonomy":"category","embeddable":true,"href":"https:\/\/pro-walderhalt.de\/index.php?rest_route=%2Fwp%2Fv2%2Fcategories&post=1162"},{"taxonomy":"post_tag","embeddable":true,"href":"https:\/\/pro-walderhalt.de\/index.php?rest_route=%2Fwp%2Fv2%2Ftags&post=1162"}],"curies":[{"name":"wp","href":"https:\/\/api.w.org\/{rel}","templated":true}]}}