{"id":1123,"date":"2022-06-24T22:14:17","date_gmt":"2022-06-24T22:14:17","guid":{"rendered":"http:\/\/pro-walderhalt.de\/?p=1123"},"modified":"2022-08-06T01:11:17","modified_gmt":"2022-08-06T01:11:17","slug":"von-der-bundesbuergerinitiative-waldschutz-bbiws-zum-tag-der-buchenwaelder-2022","status":"publish","type":"post","link":"https:\/\/pro-walderhalt.de\/?p=1123","title":{"rendered":"Appell von der BundesB\u00fcrgerInitiative Waldschutz (BBIWS) an die deutsche Politik zum \u201eTag der Buchenw\u00e4lder 2022\u201c"},"content":{"rendered":"<h1>Unser Wald-Erbe retten &#8211; Jetzt!<\/h1>\n<h2>Der Weg aus der Krise<\/h2>\n<h3>Schirmherr Prof. Dr. Hannes Knapp<\/h3>\n<figure id=\"attachment_1132\" aria-describedby=\"caption-attachment-1132\" style=\"width: 1480px\" class=\"wp-caption alignnone\"><img loading=\"lazy\" decoding=\"async\" class=\"wp-image-1132 size-full\" src=\"http:\/\/pro-walderhalt.de\/wp-content\/uploads\/2022\/06\/image.jpg\" alt=\"\" width=\"1480\" height=\"1110\" srcset=\"https:\/\/pro-walderhalt.de\/wp-content\/uploads\/2022\/06\/image.jpg 1480w, https:\/\/pro-walderhalt.de\/wp-content\/uploads\/2022\/06\/image-300x225.jpg 300w, https:\/\/pro-walderhalt.de\/wp-content\/uploads\/2022\/06\/image-1024x768.jpg 1024w, https:\/\/pro-walderhalt.de\/wp-content\/uploads\/2022\/06\/image-768x576.jpg 768w\" sizes=\"auto, (max-width: 767px) 89vw, (max-width: 1000px) 54vw, (max-width: 1071px) 543px, 580px\" \/><figcaption id=\"caption-attachment-1132\" class=\"wp-caption-text\">Stark aufgelichteter, ungesch\u00fctzt der Sonneneinstrahlung ausgesetzter Buchen-Schirmschlagbestand in Nordhessen<\/figcaption><\/figure>\n<p><strong>&#8222;Deutschland nimmt seine globale Verantwortung f\u00fcr substanzielle Bewahrung unserer Buchen\u00adw\u00e4lder nicht wahr&#8220; beklagten die BBIWS und mehr als 60 andere Wald- und Naturschutz\u00adorganisationen in einem Offenen Brief an die Politik zum &#8222;Tag der Buchenw\u00e4lder&#8220; am 25. Juni 2021.<\/strong><\/p>\n<p>Seitdem hat sich nichts ge\u00e4ndert. Auch 2022 h\u00e4lt die Forstpolitik des Bundes und der L\u00e4nder fest an einer Forstwirtschaft, die die Holzerzeugung im Buchenlaubwald industrialisiert mit Schwermaschineneinsatz betreibt und am naturfernen Altersklassenwald orientiert. Buchenw\u00e4lder verlieren dadurch ihre Anpassungsf\u00e4higkeit und Resilienz unter den sich rasant ver\u00e4ndernden Umweltbedingungen. Anhaltende Trockenheit wird durch die Sch\u00e4digung und \u00dcbernutzung der Buchenw\u00e4lder verst\u00e4rkt und Wasserknappheit ist eine Realit\u00e4t, der sich viele Gemeinden in Deutschland bereits stellen m\u00fcssen.<\/p>\n<p>Der ungebrochen fortschreitende Verlust an Biodiversit\u00e4t ist sowohl in Schutzgebieten, als auch in Buchenwirtschaftsw\u00e4ldern an der Tagesordnung. Wirksame umgesetzte, bundesweite Konzepte zum Erhalt von Struktur- und Artenvielfalt fehlen.<\/p>\n<p><strong>Zum diesj\u00e4hrigen Tag der Buchenw\u00e4lder am 25.06.2022 hat die Bundesb\u00fcrgerinitiative Waldschutz (BBIWS) gemeinsam mit der Naturschutzinitiative (NI) und dem Verein Naturschutz und Kunst Lebendige Auen e.V. (NuKLA), sowie Wissenschaftlern, Juristen und Waldexperten einen gemeinsamen Forderungskatalog zur Waldbewirtschaftung in Deutschland formuliert.<\/strong><\/p>\n<p>Die zuk\u00fcnftige Waldbewirtschaftung muss strikt auf den Erhalt der biologischen Funktionst\u00fcchtigkeit des Wald\u00f6kosystems, insbesondere auf dessen Wasserspeicher-, Klimaregulierungs- und CO2-Senken-Funktion ausgerichtet sein. Es gilt in einem Wettlauf mit wenig verbliebener Zeit, die nat\u00fcrlichen Kr\u00e4fte des Waldes zu st\u00e4rken und gesamtgesellschaftlich eine Reduzierung des \u00fcberbordenden Holzkonsums festzuschreiben.<\/p>\n<p><strong>Die UnterzeichnerInnen dieses Appells fordern die Regierungen und Parlamente auf, die konventionelle Waldpolitik endlich aufzugeben und l\u00e4ngst vorliegende, wald\u00f6kologisch fundierte Erkenntnisse in die Forstwissenschaft, die Bundes- und Landeswaldgesetze und die sogenannte \u201egute fachliche Praxis\u201c der Bewirtschafter einzugliedern und damit den W\u00e4ldern die \u00dcberlebenschance zu bieten, die nicht zuletzt die Menschheit als Existenzgrundlage braucht.<\/strong><\/p>\n<p><a title=\"https:\/\/www.naturschutz-initiative.de\/neuigkeiten\/1268-20-06-2022-unser-wald-erbe-retten-jetzt\" href=\"https:\/\/www.naturschutz-initiative.de\/neuigkeiten\/1268-20-06-2022-unser-wald-erbe-retten-jetzt\" target=\"_blank\" rel=\"noopener noreferrer\">Download des vollst\u00e4ndigen Appells mit Unterzeichnern in Druckfassung <\/a>durch die<\/p>\n<p><a title=\"https:\/\/www.naturschutz-initiative.de\/neuigkeiten\/1268-20-06-2022-unser-wald-erbe-retten-jetzt\" href=\"https:\/\/www.naturschutz-initiative.de\/neuigkeiten\/1268-20-06-2022-unser-wald-erbe-retten-jetzt\" target=\"_blank\" rel=\"noopener noreferrer\">NI Naturschutz INITIATIVE\u00a0 e.V.<\/a>:<\/p>\n<p><a title=\"https:\/\/www.naturschutz-initiative.de\/neuigkeiten\/1268-20-06-2022-unser-wald-erbe-retten-jetzt\" href=\"https:\/\/www.naturschutz-initiative.de\/neuigkeiten\/1268-20-06-2022-unser-wald-erbe-retten-jetzt\" target=\"_blank\" rel=\"noopener noreferrer\">https:\/\/www.naturschutz-initiative.de\/neuigkeiten\/1268-20-06-2022-unser-wald-erbe-retten-jetzt<\/a><\/p>\n<p>Quelle: <a href=\"https:\/\/www.bundesbuergerinitiative-waldschutz.de\/2022\/06\/24\/tag-der-buchenw%C3%A4lder-2022\/\">https:\/\/www.bundesbuergerinitiative-waldschutz.de\/2022\/06\/24\/tag-der-buchenw%C3%A4lder-2022\/<\/a><\/p>\n<p>Petition \u201eW\u00e4lder sind keine Holzfabriken &#8211; es reicht!!! Wir B\u00fcrger fordern ein neues Bundeswaldgesetz!\u201c von der BundesB\u00fcrgerInitiative WaldSchutz (BBIWS) unterschreiben: <a href=\"https:\/\/www.change.org\/p\/w\u00e4lder-sind-keine-holzfabriken-es-reicht-wir-fordern-ein-neues-bundeswaldgesetz-juliakloeckner-svenjaschulze68\">https:\/\/www.change.org\/p\/w\u00e4lder-sind-keine-holzfabriken-es-reicht-wir-fordern-ein-neues-bundeswaldgesetz-juliakloeckner-svenjaschulze68<\/a><\/p>\n","protected":false},"excerpt":{"rendered":"<p>Unser Wald-Erbe retten &#8211; Jetzt! Der Weg aus der Krise Schirmherr Prof. Dr. Hannes Knapp &#8222;Deutschland nimmt seine globale Verantwortung f\u00fcr substanzielle Bewahrung unserer Buchen\u00adw\u00e4lder nicht wahr&#8220; beklagten die BBIWS und mehr als 60 andere Wald- und Naturschutz\u00adorganisationen in einem Offenen Brief an die Politik zum &#8222;Tag der Buchenw\u00e4lder&#8220; am 25. Juni 2021. Seitdem hat &hellip; <\/p>\n<p class=\"link-more\"><a href=\"https:\/\/pro-walderhalt.de\/?p=1123\" class=\"more-link\"><span class=\"screen-reader-text\">\u201eAppell von der BundesB\u00fcrgerInitiative Waldschutz (BBIWS) an die deutsche Politik zum \u201eTag der Buchenw\u00e4lder 2022\u201c\u201c <\/span>weiterlesen<\/a><\/p>\n","protected":false},"author":3,"featured_media":0,"comment_status":"closed","ping_status":"closed","sticky":false,"template":"","format":"standard","meta":{"footnotes":""},"categories":[1],"tags":[],"class_list":["post-1123","post","type-post","status-publish","format-standard","hentry","category-uncategorized"],"_links":{"self":[{"href":"https:\/\/pro-walderhalt.de\/index.php?rest_route=\/wp\/v2\/posts\/1123","targetHints":{"allow":["GET"]}}],"collection":[{"href":"https:\/\/pro-walderhalt.de\/index.php?rest_route=\/wp\/v2\/posts"}],"about":[{"href":"https:\/\/pro-walderhalt.de\/index.php?rest_route=\/wp\/v2\/types\/post"}],"author":[{"embeddable":true,"href":"https:\/\/pro-walderhalt.de\/index.php?rest_route=\/wp\/v2\/users\/3"}],"replies":[{"embeddable":true,"href":"https:\/\/pro-walderhalt.de\/index.php?rest_route=%2Fwp%2Fv2%2Fcomments&post=1123"}],"version-history":[{"count":11,"href":"https:\/\/pro-walderhalt.de\/index.php?rest_route=\/wp\/v2\/posts\/1123\/revisions"}],"predecessor-version":[{"id":1140,"href":"https:\/\/pro-walderhalt.de\/index.php?rest_route=\/wp\/v2\/posts\/1123\/revisions\/1140"}],"wp:attachment":[{"href":"https:\/\/pro-walderhalt.de\/index.php?rest_route=%2Fwp%2Fv2%2Fmedia&parent=1123"}],"wp:term":[{"taxonomy":"category","embeddable":true,"href":"https:\/\/pro-walderhalt.de\/index.php?rest_route=%2Fwp%2Fv2%2Fcategories&post=1123"},{"taxonomy":"post_tag","embeddable":true,"href":"https:\/\/pro-walderhalt.de\/index.php?rest_route=%2Fwp%2Fv2%2Ftags&post=1123"}],"curies":[{"name":"wp","href":"https:\/\/api.w.org\/{rel}","templated":true}]}}