{"id":1112,"date":"2022-06-13T17:31:38","date_gmt":"2022-06-13T17:31:38","guid":{"rendered":"http:\/\/pro-walderhalt.de\/?p=1112"},"modified":"2022-06-13T17:44:05","modified_gmt":"2022-06-13T17:44:05","slug":"wasserkonflikt-im-darmstaedter-westwald","status":"publish","type":"post","link":"https:\/\/pro-walderhalt.de\/?p=1112","title":{"rendered":"Wasserkonflikt im Darmst\u00e4dter Westwald"},"content":{"rendered":"<p><strong>Do. 16. Juni 2022 von 14:00 bis 16:00 Uhr<br \/>\nTrierer Stra\u00dfe 1 (Nord\u00f6stlich vom Waldfriedhof, siehe Grafik)<\/strong><\/p>\n<p>Rund 13.000 Hektar Wald im Hessischen Ried sind von Sch\u00e4den betroffen. Auch im Darmst\u00e4dter Westwald leiden viele B\u00e4ume unter Trockenstress. Seit Jahren wird um L\u00f6sungen gerungen. Denn die Region dient nicht nur der Erholung, sie dient auch der Trinkwasserversorgung der nahen Metropolen. <strong>Wer darf wie viel Wasser nutzen? Und wie k\u00f6nnen Mensch und Natur gleicherma\u00dfen versorgt werden? <\/strong><\/p>\n<p>Das gemeinn\u00fctzige Recherchezentrum CORRECTIV hat in Hessen zu Konflikten rund um Grundwasser recherchiert.<\/p>\n<p>Die verschiedenen Akteure und weitere Perspektiven auf diesen Konflikt wollen wir nun zusammenbringen, mit B\u00fcrgerinnen und B\u00fcrgern am Ort des Geschehens. Dazu organisiert CORRECTIV gemeinsam mit <strong>Radio Darmstadt <\/strong>einen Westwald-Spaziergang.<\/p>\n<p>Bei diesem gemeinsamen Spaziergang sollen alle zu Wort kommen. Und auch die Fragen der Teilnehmenden auf offene Ohren sto\u00dfen.<\/p>\n<p>Wir freuen uns auf das gemeinsame Erlebnis und den Austausch!<\/p>\n<p>Start: n\u00f6rdlich vom Waldfriedhof in Darmstadt, Treffpunkt Parkplatz Blau-Gold-Kasino Ecke Dornheimer Weg\/Michaelisstr.\/Trierer Str.; N\u00e4he Bushaltestelle Darmstadt Moldenhauerweg. In einem Rundgang von etwa 2 km Distanz besuchen wir gemeinsam den Wald.<\/p>\n<p><em>Der Waldspaziergang findet statt in Kooperation mit CORRECTIV einer gemeinn\u00fctzigen und unabh\u00e4ngigen Redaktion, die z.B. einen #Faktencheck bei Social Media Eintr\u00e4gen vornimmt (<a class=\"external-link-new-window\" title=\"Opens internal link in current window\" href=\"https:\/\/correctiv.org\/\">correctiv.org<\/a>).<\/em><\/p>\n<p><img loading=\"lazy\" decoding=\"async\" class=\"alignnone size-full wp-image-1113\" src=\"http:\/\/pro-walderhalt.de\/wp-content\/uploads\/2022\/06\/TreffpunktTriererStra\u00dfe.png\" alt=\"\" width=\"527\" height=\"296\" srcset=\"https:\/\/pro-walderhalt.de\/wp-content\/uploads\/2022\/06\/TreffpunktTriererStra\u00dfe.png 527w, https:\/\/pro-walderhalt.de\/wp-content\/uploads\/2022\/06\/TreffpunktTriererStra\u00dfe-300x169.png 300w\" sizes=\"auto, (max-width: 527px) 100vw, 527px\" \/><\/p>\n","protected":false},"excerpt":{"rendered":"<p>Do. 16. Juni 2022 von 14:00 bis 16:00 Uhr Trierer Stra\u00dfe 1 (Nord\u00f6stlich vom Waldfriedhof, siehe Grafik) Rund 13.000 Hektar Wald im Hessischen Ried sind von Sch\u00e4den betroffen. Auch im Darmst\u00e4dter Westwald leiden viele B\u00e4ume unter Trockenstress. Seit Jahren wird um L\u00f6sungen gerungen. Denn die Region dient nicht nur der Erholung, sie dient auch der &hellip; <\/p>\n<p class=\"link-more\"><a href=\"https:\/\/pro-walderhalt.de\/?p=1112\" class=\"more-link\"><span class=\"screen-reader-text\">\u201eWasserkonflikt im Darmst\u00e4dter Westwald\u201c <\/span>weiterlesen<\/a><\/p>\n","protected":false},"author":3,"featured_media":0,"comment_status":"closed","ping_status":"closed","sticky":false,"template":"","format":"standard","meta":{"footnotes":""},"categories":[1],"tags":[],"class_list":["post-1112","post","type-post","status-publish","format-standard","hentry","category-uncategorized"],"_links":{"self":[{"href":"https:\/\/pro-walderhalt.de\/index.php?rest_route=\/wp\/v2\/posts\/1112","targetHints":{"allow":["GET"]}}],"collection":[{"href":"https:\/\/pro-walderhalt.de\/index.php?rest_route=\/wp\/v2\/posts"}],"about":[{"href":"https:\/\/pro-walderhalt.de\/index.php?rest_route=\/wp\/v2\/types\/post"}],"author":[{"embeddable":true,"href":"https:\/\/pro-walderhalt.de\/index.php?rest_route=\/wp\/v2\/users\/3"}],"replies":[{"embeddable":true,"href":"https:\/\/pro-walderhalt.de\/index.php?rest_route=%2Fwp%2Fv2%2Fcomments&post=1112"}],"version-history":[{"count":4,"href":"https:\/\/pro-walderhalt.de\/index.php?rest_route=\/wp\/v2\/posts\/1112\/revisions"}],"predecessor-version":[{"id":1121,"href":"https:\/\/pro-walderhalt.de\/index.php?rest_route=\/wp\/v2\/posts\/1112\/revisions\/1121"}],"wp:attachment":[{"href":"https:\/\/pro-walderhalt.de\/index.php?rest_route=%2Fwp%2Fv2%2Fmedia&parent=1112"}],"wp:term":[{"taxonomy":"category","embeddable":true,"href":"https:\/\/pro-walderhalt.de\/index.php?rest_route=%2Fwp%2Fv2%2Fcategories&post=1112"},{"taxonomy":"post_tag","embeddable":true,"href":"https:\/\/pro-walderhalt.de\/index.php?rest_route=%2Fwp%2Fv2%2Ftags&post=1112"}],"curies":[{"name":"wp","href":"https:\/\/api.w.org\/{rel}","templated":true}]}}