{"id":1068,"date":"2022-05-09T22:55:33","date_gmt":"2022-05-09T22:55:33","guid":{"rendered":"http:\/\/pro-walderhalt.de\/?p=1068"},"modified":"2022-06-13T17:39:09","modified_gmt":"2022-06-13T17:39:09","slug":"alles-wieder-gut-im-bickenbacher-wald","status":"publish","type":"post","link":"https:\/\/pro-walderhalt.de\/?p=1068","title":{"rendered":"Alles wieder gut im Bickenbacher Wald?"},"content":{"rendered":"<p>Stellungnahme des \u201eNABU Seeheim\u201c zum Artikel \u201eF\u00e4llarbeiten zur Verj\u00fcngung \u2013 <strong>Beim Ortstermin im Bickenbacher Wald werden zahlreiche Vorw\u00fcrfe des NABU entkr\u00e4ftet<\/strong>\u201c\u00a0(<a href=\"https:\/\/www.echo-online.de\/lokales\/darmstadt-dieburg\/kreis-darmstadt-dieburg\/fallarbeiten-zur-verjungung-im-bickenbacher-wald_25510833\">Darmst\u00e4dter Echo am 7.5.2022<\/a>)<\/p>\n<p>Wahr ist: der forstliche Eingriff im Bickenbacher Wald war naturschutzfachlich wie finanziell ein Desaster, der Gemeinde Bickenbach ist erheblicher Schaden entstanden.<\/p>\n<p><img loading=\"lazy\" decoding=\"async\" class=\"alignnone wp-image-1069 size-full\" src=\"http:\/\/pro-walderhalt.de\/wp-content\/uploads\/2022\/05\/IMG_5418k-1024x235-1.jpg\" alt=\"\" width=\"1024\" height=\"235\" srcset=\"https:\/\/pro-walderhalt.de\/wp-content\/uploads\/2022\/05\/IMG_5418k-1024x235-1.jpg 1024w, https:\/\/pro-walderhalt.de\/wp-content\/uploads\/2022\/05\/IMG_5418k-1024x235-1-300x69.jpg 300w, https:\/\/pro-walderhalt.de\/wp-content\/uploads\/2022\/05\/IMG_5418k-1024x235-1-768x176.jpg 768w\" sizes=\"auto, (max-width: 767px) 89vw, (max-width: 1000px) 54vw, (max-width: 1071px) 543px, 580px\" \/><\/p>\n<p>Die selbst f\u00fcr forstwirtschaftliche Laien gut sichtbare Verw\u00fcstung im Bickenbacher Wald ist eine Tatsache, die die naturschutzfachlichen Sorgen des NABU wohl begr\u00fcndet und die im PEFC-Bericht best\u00e4tigt wird: Der Hauptkritikpunkt des NABU, n\u00e4mlich die \u00fcberm\u00e4\u00dfige Bodenverdichtung, wurde auch durch PEFC als Abweichung kritisiert.<\/p>\n<p>Folgen sind eine massive Verdichtung auf dieser Fl\u00e4che, die damit verbundene Freilegung des Bodens und Vernichtung des nat\u00fcrlichen Nachwuchses an jungen B\u00e4umen. Die nat\u00fcrliche Waldentwicklung ist hier mindestens um ein Jahrzehnt zur\u00fcckgeworfen worden, die Bodenverdichtung ist immens und wird bleibend Ertragseinbu\u00dfen zur Folge haben.<\/p>\n<p><img loading=\"lazy\" decoding=\"async\" class=\"alignnone wp-image-1070 size-large\" src=\"http:\/\/pro-walderhalt.de\/wp-content\/uploads\/2022\/05\/IMG_5413-scaled-1-1024x576.jpg\" alt=\"\" width=\"525\" height=\"295\" srcset=\"https:\/\/pro-walderhalt.de\/wp-content\/uploads\/2022\/05\/IMG_5413-scaled-1-1024x576.jpg 1024w, https:\/\/pro-walderhalt.de\/wp-content\/uploads\/2022\/05\/IMG_5413-scaled-1-300x169.jpg 300w, https:\/\/pro-walderhalt.de\/wp-content\/uploads\/2022\/05\/IMG_5413-scaled-1-768x432.jpg 768w, https:\/\/pro-walderhalt.de\/wp-content\/uploads\/2022\/05\/IMG_5413-scaled-1-1536x864.jpg 1536w, https:\/\/pro-walderhalt.de\/wp-content\/uploads\/2022\/05\/IMG_5413-scaled-1-2048x1152.jpg 2048w\" sizes=\"auto, (max-width: 525px) 100vw, 525px\" \/><\/p>\n<p>Es gab es eine viel zu hohe Holzentnahme, die sich nicht mit den festgelegten Zielen der Forsteinrichtung Bickenbachs deckt. Letztlich ist auch dies eine Vertragsverletzung des Forstanbieters.\u00a0Der ohnehin schon stark l\u00fcckige Bestand h\u00e4tte keinerlei Auflichtung zur Einleitung der Naturverj\u00fcngung gebraucht. Sie f\u00f6rdert lediglich die Vertrocknung und das Auftreten von Neophyten, die in diesen Waldgebieten schon zahlreich vorhanden sind.<\/p>\n<p>Es bleibt zudem r\u00e4tselhaft, weshalb im Artikel von acht Kritikpunkten gesprochen wird. <a href=\"https:\/\/nabu-seeheim.de\/kritik-an-forstarbeiten-bei-bickenbach\/\" target=\"_blank\" rel=\"noreferrer noopener\">Der NABU hatte lediglich 4 PEFC-relevante Punkte kritisiert.<\/a><\/p>\n<p>Nun k\u00f6nnte man nat\u00fcrlich sagen: Der Schaden ist eingetreten und kann nicht mehr behoben werden.<\/p>\n<p><img loading=\"lazy\" decoding=\"async\" class=\"alignnone wp-image-1071 size-full\" src=\"http:\/\/pro-walderhalt.de\/wp-content\/uploads\/2022\/05\/63f59e26-517b-4062-88b6-500b103f012a.jpg\" alt=\"\" width=\"1024\" height=\"576\" srcset=\"https:\/\/pro-walderhalt.de\/wp-content\/uploads\/2022\/05\/63f59e26-517b-4062-88b6-500b103f012a.jpg 1024w, https:\/\/pro-walderhalt.de\/wp-content\/uploads\/2022\/05\/63f59e26-517b-4062-88b6-500b103f012a-300x169.jpg 300w, https:\/\/pro-walderhalt.de\/wp-content\/uploads\/2022\/05\/63f59e26-517b-4062-88b6-500b103f012a-768x432.jpg 768w\" sizes=\"auto, (max-width: 767px) 89vw, (max-width: 1000px) 54vw, (max-width: 1071px) 543px, 580px\" \/><\/p>\n<p>Was den NABU aber mit Sorge erf\u00fcllt, ist nun eher die Tatsache, dass es scheinbar noch viel zu wenig Problembewusstsein bei der Gemeinde Bickenbach und den GemeindevertreterInnen zu geben scheint. Denn deren Pflicht w\u00e4re es ja, wenigstens k\u00fcnftige naturschutzfachliche und finanzielle Sch\u00e4den abzuwenden.<\/p>\n<p>Dazu w\u00e4re zun\u00e4chst die Erkenntnis notwendig, dass man es hier weniger mit Auswirkungen der Klimakrise oder dem Fehlverhalten eines einzelnen Holzwerbers zu tun hat.<\/p>\n<p>Vielmehr erleben wir hier \u2013 wie an vielen anderen Stellen im Wald, wo HessenForst als Anbieter forstlicher Leistungen auftritt \u2013 generelle Auswirkungen einer forstlichen Praxis, die inzwischen die Existenz der W\u00e4lder selbst aufs Spiel setzt.<\/p>\n<p>Es w\u00e4re an dieser Stelle geradezu die Pflicht der Tr\u00e4gerInnen gemeindlicher Verantwortung, sich einen \u00dcberblick \u00fcber forstliche Alternativangebote zu verschaffen, sich von unabh\u00e4ngigen ForstwissenschaftlerInnen beraten zu lassen.<\/p>\n<p>Die gute Nachricht: <a href=\"https:\/\/nabu-seeheim.de\/events\/knut-sturm-vortrag-und-diskussion-in-bickenbach\/\">Am 22.5.2022 findet um 16 Uhr im B\u00fcrgerhaus Bickenbach ein Vortrag zum Thema statt: \u201eNaturnaher Wald nach dem L\u00fcbecker Modell\u201c<\/a>mit dem international anerkannten Forstexperten Knut Sturm. Wir laden alle herzlich dazu ein, die sich f\u00fcr den Wald verantwortlich f\u00fchlen.<\/p>\n<p><img loading=\"lazy\" decoding=\"async\" class=\"alignnone wp-image-1072 size-full\" src=\"http:\/\/pro-walderhalt.de\/wp-content\/uploads\/2022\/05\/Vortrag-Knut-Sturm-Bickenbach-final-klein-pdf-724x1024-1.jpg\" alt=\"\" width=\"724\" height=\"1024\" srcset=\"https:\/\/pro-walderhalt.de\/wp-content\/uploads\/2022\/05\/Vortrag-Knut-Sturm-Bickenbach-final-klein-pdf-724x1024-1.jpg 724w, https:\/\/pro-walderhalt.de\/wp-content\/uploads\/2022\/05\/Vortrag-Knut-Sturm-Bickenbach-final-klein-pdf-724x1024-1-212x300.jpg 212w\" sizes=\"auto, (max-width: 724px) 100vw, 724px\" \/><\/p>\n<p>Der im Echo-Bericht zitierte Artikel des NABU zu den Details des\u00a0 PEFC-Audits ist \u2013 entgegen den Angaben im Echo-Artikel \u2013 weiter im Netz verf\u00fcgbar unter <a href=\"https:\/\/nabu-seeheim.de\/anspruch-und-wirklichkeit-waldarbeiten-bei-bickenbach-sind-nicht-mit-richtlinien-des-pefc-standards-vereinbar\/\">https:\/\/nabu-seeheim.de\/anspruch-und-wirklichkeit-waldarbeiten-bei-bickenbach-sind-nicht-mit-richtlinien-des-pefc-standards-vereinbar\/<\/a>.<\/p>\n<p>Zu den Punkten, die PEFC nicht als Abweichung gewertet hat:<\/p>\n<ul>\n<li><a href=\"https:\/\/www.waldwissen.net\/de\/lebensraum-wald\/naturschutz\/habitatbaeume-kennen-schuetzen-und-foerdern\">Habitatbaumauszeichnung<\/a>: Dass es in Gebieten, in dem es viele sterbende B\u00e4ume gibt, nicht m\u00f6glich war, einen einzigen Biotopbaum f\u00fcr V\u00f6gel und andere Tiere auszuzeichen bzw. B\u00e4ume zu kennzeichnen, die in naher Zukunft als Habitatb\u00e4ume in Betracht kommen, ist f\u00fcr uns nicht nachvollziehbar.\u00a0Die Bewertung durch PEFC erschlie\u00dft sich uns nicht.<\/li>\n<li>Die zahlreichen F\u00e4ll- und R\u00fcckesch\u00e4den vor allem im Unter- und Zwischenstand wurden unserer Ansicht nach bei der Begehung nicht ausreichend ber\u00fccksichtigt.<\/li>\n<\/ul>\n<p><img loading=\"lazy\" decoding=\"async\" class=\"alignnone wp-image-1073 size-large\" src=\"http:\/\/pro-walderhalt.de\/wp-content\/uploads\/2022\/05\/IMG_5416-scaled-1-576x1024.jpg\" alt=\"\" width=\"525\" height=\"933\" srcset=\"https:\/\/pro-walderhalt.de\/wp-content\/uploads\/2022\/05\/IMG_5416-scaled-1-576x1024.jpg 576w, https:\/\/pro-walderhalt.de\/wp-content\/uploads\/2022\/05\/IMG_5416-scaled-1-169x300.jpg 169w, https:\/\/pro-walderhalt.de\/wp-content\/uploads\/2022\/05\/IMG_5416-scaled-1-768x1365.jpg 768w, https:\/\/pro-walderhalt.de\/wp-content\/uploads\/2022\/05\/IMG_5416-scaled-1-864x1536.jpg 864w, https:\/\/pro-walderhalt.de\/wp-content\/uploads\/2022\/05\/IMG_5416-scaled-1-1152x2048.jpg 1152w, https:\/\/pro-walderhalt.de\/wp-content\/uploads\/2022\/05\/IMG_5416-scaled-1.jpg 1440w\" sizes=\"auto, (max-width: 525px) 100vw, 525px\" \/><\/p>\n<p><a href=\"https:\/\/nabu-seeheim.de\/alles-wieder-gut-im-bickenbacher-wald\/\">https:\/\/nabu-seeheim.de\/alles-wieder-gut-im-bickenbacher-wald\/<\/a><\/p>\n","protected":false},"excerpt":{"rendered":"<p>Stellungnahme des \u201eNABU Seeheim\u201c zum Artikel \u201eF\u00e4llarbeiten zur Verj\u00fcngung \u2013 Beim Ortstermin im Bickenbacher Wald werden zahlreiche Vorw\u00fcrfe des NABU entkr\u00e4ftet\u201c\u00a0(Darmst\u00e4dter Echo am 7.5.2022) Wahr ist: der forstliche Eingriff im Bickenbacher Wald war naturschutzfachlich wie finanziell ein Desaster, der Gemeinde Bickenbach ist erheblicher Schaden entstanden. Die selbst f\u00fcr forstwirtschaftliche Laien gut sichtbare Verw\u00fcstung im Bickenbacher &hellip; <\/p>\n<p class=\"link-more\"><a href=\"https:\/\/pro-walderhalt.de\/?p=1068\" class=\"more-link\"><span class=\"screen-reader-text\">\u201eAlles wieder gut im Bickenbacher Wald?\u201c <\/span>weiterlesen<\/a><\/p>\n","protected":false},"author":3,"featured_media":0,"comment_status":"closed","ping_status":"closed","sticky":false,"template":"","format":"standard","meta":{"footnotes":""},"categories":[1],"tags":[],"class_list":["post-1068","post","type-post","status-publish","format-standard","hentry","category-uncategorized"],"_links":{"self":[{"href":"https:\/\/pro-walderhalt.de\/index.php?rest_route=\/wp\/v2\/posts\/1068","targetHints":{"allow":["GET"]}}],"collection":[{"href":"https:\/\/pro-walderhalt.de\/index.php?rest_route=\/wp\/v2\/posts"}],"about":[{"href":"https:\/\/pro-walderhalt.de\/index.php?rest_route=\/wp\/v2\/types\/post"}],"author":[{"embeddable":true,"href":"https:\/\/pro-walderhalt.de\/index.php?rest_route=\/wp\/v2\/users\/3"}],"replies":[{"embeddable":true,"href":"https:\/\/pro-walderhalt.de\/index.php?rest_route=%2Fwp%2Fv2%2Fcomments&post=1068"}],"version-history":[{"count":2,"href":"https:\/\/pro-walderhalt.de\/index.php?rest_route=\/wp\/v2\/posts\/1068\/revisions"}],"predecessor-version":[{"id":1117,"href":"https:\/\/pro-walderhalt.de\/index.php?rest_route=\/wp\/v2\/posts\/1068\/revisions\/1117"}],"wp:attachment":[{"href":"https:\/\/pro-walderhalt.de\/index.php?rest_route=%2Fwp%2Fv2%2Fmedia&parent=1068"}],"wp:term":[{"taxonomy":"category","embeddable":true,"href":"https:\/\/pro-walderhalt.de\/index.php?rest_route=%2Fwp%2Fv2%2Fcategories&post=1068"},{"taxonomy":"post_tag","embeddable":true,"href":"https:\/\/pro-walderhalt.de\/index.php?rest_route=%2Fwp%2Fv2%2Ftags&post=1068"}],"curies":[{"name":"wp","href":"https:\/\/api.w.org\/{rel}","templated":true}]}}